{"id":9993,"date":"2026-04-27T07:04:01","date_gmt":"2026-04-26T23:04:01","guid":{"rendered":"https:\/\/factznews.xyz\/?p=9993"},"modified":"2026-04-27T07:04:01","modified_gmt":"2026-04-26T23:04:01","slug":"e-bujshme-pas-refuzimit-per-arrestimin-e-ballukut-kreu-i-spak-shkon-neser-ne-keshill-zbulohet-qellimi","status":"publish","type":"post","link":"https:\/\/factznews.xyz\/?p=9993","title":{"rendered":"E BUJSHME \u2013 Pas refuzimit per arrestimin e Ballukut, Kreu i SPAK shkon neser ne Keshill, zbulohet qellimi"},"content":{"rendered":"<p>Per here te pare pas refuzimit qe Kuvendi i beri SPAK per arrestimin e Belinda Ballukut, kreu i SPAK, Klodjan Braho do t\u00eb dal\u00eb t\u00eb h\u00ebn\u00ebn para K\u00ebshillit t\u00eb Lart\u00eb t\u00eb Prokuroris\u00eb p\u00ebr t\u00eb raportuar mbi raportin vjetor t\u00eb institucioni q\u00eb ai drejton.<\/p>\n<p>\u201cK\u00ebshilli i Lart\u00eb i Prokuroris\u00eb organizon dit\u00ebn e H\u00ebn\u00eb, dat\u00eb 27.04.2026, ora 10.00 seanc\u00ebn d\u00ebgjimore me Drejtuesin e Prokuroris\u00eb s\u00eb Posa\u00e7me Kund\u00ebr Korrupsionit dhe Krimit t\u00eb Organizuar, z. Klodjan Braho, i cili do t\u00eb paraqes\u00eb raportin e pun\u00ebs p\u00ebr vitin 2025.<\/p>\n<p>Ky raportim b\u00ebhet n\u00eb kuad\u00ebr t\u00eb detyrimit ligjor parashikuar n\u00eb nenin 105, t\u00eb Ligjit nr. 97\/2016, \u201cP\u00ebr organizimin dhe funksionimin e Prokuroris\u00eb n\u00eb Republik\u00ebn e Shqip\u00ebris\u00eb\u201d, i ndryshuar, p\u00ebr t\u00eb raportuar n\u00eb K\u00ebshillin e Lart\u00eb t\u00eb Prokuroris\u00eb lidhur me ecurin\u00eb e veprimtaris\u00eb s\u00eb k\u00ebtij institucioni\u201d, thuhet n\u00eb njoftimin e KLP.<\/p>\n<p>Braho u zgjodh n\u00eb krye t\u00eb SPAK n\u00eb 11 dhjetor t\u00eb vitit t\u00eb shkuar duke z\u00ebvend\u00ebsuar n\u00eb k\u00ebt\u00eb detyr\u00eb Altin Dumanin.<\/p>\n","protected":false},"excerpt":{"rendered":"<p>Per here te pare pas refuzimit qe Kuvendi i beri SPAK per arrestimin e Belinda Ballukut, kreu i SPAK, Klodjan Braho do t\u00eb dal\u00eb t\u00eb h\u00ebn\u00ebn para K\u00ebshillit t\u00eb Lart\u00eb t\u00eb Prokuroris\u00eb p\u00ebr t\u00eb raportuar mbi raportin vjetor t\u00eb institucioni q\u00eb ai drejton. \u201cK\u00ebshilli i Lart\u00eb i Prokuroris\u00eb organizon dit\u00ebn e H\u00ebn\u00eb, dat\u00eb 27.04.2026, ora &#8230; <a title=\"E BUJSHME \u2013 Pas refuzimit per arrestimin e Ballukut, Kreu i SPAK shkon neser ne Keshill, zbulohet qellimi\" class=\"read-more\" href=\"https:\/\/factznews.xyz\/?p=9993\" aria-label=\"Read more about E BUJSHME \u2013 Pas refuzimit per arrestimin e Ballukut, Kreu i SPAK shkon neser ne Keshill, zbulohet qellimi\">Read more<\/a><\/p>\n","protected":false},"author":1,"featured_media":9994,"comment_status":"open","ping_status":"open","sticky":false,"template":"","format":"standard","meta":{"footnotes":""},"categories":[5],"tags":[],"class_list":["post-9993","post","type-post","status-publish","format-standard","has-post-thumbnail","hentry","category-interesting"],"_links":{"self":[{"href":"https:\/\/factznews.xyz\/index.php?rest_route=\/wp\/v2\/posts\/9993","targetHints":{"allow":["GET"]}}],"collection":[{"href":"https:\/\/factznews.xyz\/index.php?rest_route=\/wp\/v2\/posts"}],"about":[{"href":"https:\/\/factznews.xyz\/index.php?rest_route=\/wp\/v2\/types\/post"}],"author":[{"embeddable":true,"href":"https:\/\/factznews.xyz\/index.php?rest_route=\/wp\/v2\/users\/1"}],"replies":[{"embeddable":true,"href":"https:\/\/factznews.xyz\/index.php?rest_route=%2Fwp%2Fv2%2Fcomments&post=9993"}],"version-history":[{"count":1,"href":"https:\/\/factznews.xyz\/index.php?rest_route=\/wp\/v2\/posts\/9993\/revisions"}],"predecessor-version":[{"id":9995,"href":"https:\/\/factznews.xyz\/index.php?rest_route=\/wp\/v2\/posts\/9993\/revisions\/9995"}],"wp:featuredmedia":[{"embeddable":true,"href":"https:\/\/factznews.xyz\/index.php?rest_route=\/wp\/v2\/media\/9994"}],"wp:attachment":[{"href":"https:\/\/factznews.xyz\/index.php?rest_route=%2Fwp%2Fv2%2Fmedia&parent=9993"}],"wp:term":[{"taxonomy":"category","embeddable":true,"href":"https:\/\/factznews.xyz\/index.php?rest_route=%2Fwp%2Fv2%2Fcategories&post=9993"},{"taxonomy":"post_tag","embeddable":true,"href":"https:\/\/factznews.xyz\/index.php?rest_route=%2Fwp%2Fv2%2Ftags&post=9993"}],"curies":[{"name":"wp","href":"https:\/\/api.w.org\/{rel}","templated":true}]}}