{"id":9990,"date":"2026-04-27T07:02:30","date_gmt":"2026-04-26T23:02:30","guid":{"rendered":"https:\/\/factznews.xyz\/?p=9990"},"modified":"2026-04-27T07:02:30","modified_gmt":"2026-04-26T23:02:30","slug":"pusho-se-te-qelloj-plas-sherri-nusja-i-tregon-kufirin-vjehrra-i-besova-kurse-ajo-burrin-tim-e-ka","status":"publish","type":"post","link":"https:\/\/factznews.xyz\/?p=9990","title":{"rendered":"\u201cPusho se te qelloj\u2026\u201d, Plas sherri, nusja i tregon kufirin, vjehrra: I besova, kurse ajo burrin tim e ka\u2026"},"content":{"rendered":"<p>Nj\u00eb sht\u00ebpi 3-kat\u00ebshe n\u00eb Fier \u00ebsht\u00eb b\u00ebr\u00eb \u201csebep\u201d i nj\u00eb p\u00ebrplasjeje shum\u00eb t\u00eb ashp\u00ebr mes vjehrr\u00ebs dhe nuses n\u00eb rubrik\u00ebn \u201cShihemi n\u00eb Gjyq\u201d.<\/p>\n<p>Nusja, Vitura shprehet se n\u00eb certifikat\u00ebn e pron\u00ebsis\u00eb ajo dhe bashk\u00ebshorti i saj nuk figurojn\u00eb fare, nd\u00ebrkoh\u00eb q\u00eb kan\u00eb dh\u00ebn\u00eb kontribut n\u00eb nd\u00ebrtimin e sht\u00ebpis\u00eb dhe ve\u00e7an\u00ebrisht n\u00eb katin e dyt\u00eb, i cili sipas saj u takon atyre.<\/p>\n<p>Nga ana tjet\u00ebr, vjehrra e saj, Perrija shprehet me tone t\u00eb ashpra se \u00ebsht\u00eb e v\u00ebrtet\u00eb q\u00eb ajo ka kontribuar, por shprehet se vet\u00ebm djemt\u00eb kan\u00eb pasuri, e nuset\u2026jo!<\/p>\n<p>Vituri: Moj zonj\u00eb, po ti sht\u00ebpit\u00eb e mia do t\u00eb marr\u00ebsh?! Nuk i merr dot. Ti sht\u00ebpit\u00eb i ke n\u00eb Belishov\u00eb.<\/p>\n<p>Perrije: Pusho! Mbylle goj\u00ebn!<\/p>\n<p>Vituri: Jo nuk pushoj un\u00eb! Pse ta mbyll goj\u00ebn?! P\u00ebr sht\u00ebpin\u00eb dhe p\u00ebr djers\u00ebn time un\u00eb nuk e mbyll goj\u00ebn!<\/p>\n<p>Perrije: Pusho se do t\u00eb t\u00eb q\u00eblloj k\u00ebtu!<\/p>\n<p>Vituri: Ato sht\u00ebpi i kam b\u00ebr\u00eb un\u00eb nuk i ke b\u00ebr\u00eb ti. \u00c7far\u00eb pasuri kishe ti, q\u00eb mi ke b\u00ebr\u00eb mua sht\u00ebpit\u00eb.Perrije: Pusho t\u00eb flas dy llafe! Pusho t\u00eb thash\u00eb!<\/p>\n<p>Vituri: Jo, lek\u00ebt un\u00eb t\u2019i kam dh\u00ebn\u00eb ty. Ti gjeje me Gjergjin dhe me Olimbin\u00eb.<\/p>\n<p>Perrije: Sht\u00ebpin\u00eb, i mblodh\u00ebt lek\u00ebt me djemt\u00eb, jo me nuset. Nuset nuk kan\u00eb pjes\u00eb, i kan\u00eb te babai i tyre.<\/p>\n<p>Vituri: K\u00ebto nuk jan\u00eb t\u00eb v\u00ebrteta!<\/p>\n<p>Perrije: Pusho se ta futa me k\u00ebt\u00eb n\u00eb kok\u00eb (shishe uji).<\/p>\n<p>Vituri: Sht\u00ebpit\u00eb n\u00eb Fier i kam b\u00ebr\u00eb un\u00eb.<\/p>\n<p>Perrije: Pusho edhe nj\u00eb her\u00eb t\u00eb thash\u00eb moj. Pusho q\u00eb t\u00eb zbrazem un\u00eb.<\/p>\n<p>Vituri: P\u00ebr t\u00eb drejtat e mia un\u00eb nuk pushoj.<\/p>\n<p>Nj\u00eb konflikt familjar p\u00ebr pron\u00ebsin\u00eb e nj\u00eb banese 3-kat\u00ebshe ka v\u00ebn\u00eb p\u00ebrball\u00eb vjehrr\u00ebn dhe nusen k\u00ebt\u00eb t\u00eb diel, m\u00eb 26 prill, n\u00eb rubrik\u00ebn \u201cShihemi n\u00eb Gjyq\u201d me juristen Eni \u00c7obani.<\/p>\n<p>Perrija dhe Vitura p\u00ebrplasen ashp\u00ebr mbi t\u00eb drejt\u00ebn e pron\u00ebsis\u00eb s\u00eb sht\u00ebpis\u00eb, ku akuzat dhe tonet e tensionuara mes nj\u00ebra-tjetr\u00ebs nuk kan\u00eb munguar.Nusja pretendon se banesa \u00ebsht\u00eb nd\u00ebrtuar me mundin dhe t\u00eb ardhurat e saj dhe t\u00eb bashk\u00ebshortit, nd\u00ebrsa vjehrra k\u00ebmb\u00ebngul se prona u p\u00ebrket vet\u00ebm f\u00ebmij\u00ebve t\u00eb saj. \u201cBurrin tim e ke pasur mash\u00eb\u201d, shprehet Vitura gjat\u00eb p\u00ebrplasjes, nd\u00ebrsa Perrija i kund\u00ebrp\u00ebrgjigjet prer\u00eb se \u201cpjes\u00ebn e djemve t\u00eb mi nuk e merr dot nusja\u201d.<\/p>\n<p>Perrije: Po ti moj \u00e7far\u00eb k\u00ebrkon tek vjehrra k\u00ebtu, sht\u00ebpin\u00eb e kam b\u00ebr\u00eb un\u00eb, nuk e ke b\u00ebr\u00eb ti. Ti e ke pjes\u00ebn te babai jot.<\/p>\n<p>Vituri: Po jo moj zonj\u00eb! Nuk e ke b\u00ebr\u00eb ti sht\u00ebpin\u00eb time. Sht\u00ebpin\u00eb time e kam b\u00ebr\u00eb un\u00eb, kam vdekur p\u00ebr at\u00eb sht\u00ebpi.<\/p>\n<p>Perrije: Nusja nuk sht\u00ebpi tek vjehrra!<\/p>\n<p>Vitur shprehet se ka punuar dhe kontribuar p\u00ebr at\u00eb sht\u00ebpi, kurse Perrijeshprehet se nuk i takon pjes\u00eb nuses, por vet\u00ebm djalit.<\/p>\n<p>Vituri: Vjehrra ime bashk\u00eb me gjith\u00eb kunatin tim duan t\u00eb m\u00eb marrin sht\u00ebpin\u00eb. Kam sot e 27 vjet q\u00eb jetoj n\u00eb Greqi, n\u00eb vitin 2018 kur kam ardhur n\u00eb Shqip\u00ebria ka dal\u00eb certifikata, por emri im dhe i burrit tim nuk figuron. Figuron emri i kunatit, i kunat\u00ebs dhe i vjehrr\u00ebs. Pse emri im nuk \u00ebsht\u00eb n\u00eb certifikat\u00eb? K\u00ebrkojn\u00eb q\u00eb t\u00eb m\u00eb marrin sht\u00ebpin\u00eb, m\u00eb thon\u00eb q\u00eb nuk ke pjes\u00eb k\u00ebtu, q\u00eb nuk t\u00eb takon. Un\u00eb kam punuar kaq vite n\u00eb Greqi, kam l\u00ebn\u00eb kockat andej, kam l\u00ebn\u00eb f\u00ebmij\u00ebt rrug\u00ebve edhe e di shum\u00eb mir\u00eb ajo, q\u00eb f\u00ebmij\u00ebt e mi i kan\u00eb rritur prind\u00ebrit e mi. Kaq vite kam luftuar p\u00ebr ato sht\u00ebpi dhe kur vjen puna m\u00eb thot\u00eb se \u00e7far\u00eb sht\u00ebpie k\u00ebrkon ti moj zonj\u00eb.Perrije: Po ti moj \u00e7far\u00eb k\u00ebrkon tek vjehrra k\u00ebtu, sht\u00ebpin\u00eb e kam b\u00ebr\u00eb un\u00eb, nuk e ke b\u00ebr\u00eb ti. Ti e ke pjes\u00ebn te babai jot.<\/p>\n<p>Vituri: Po jo moj zonj\u00eb! Nuk e ke b\u00ebr\u00eb ti sht\u00ebpin\u00eb time. Sht\u00ebpin\u00eb time e kam b\u00ebr\u00eb un\u00eb, kam vdekur p\u00ebr at\u00eb sht\u00ebpi.<\/p>\n","protected":false},"excerpt":{"rendered":"<p>Nj\u00eb sht\u00ebpi 3-kat\u00ebshe n\u00eb Fier \u00ebsht\u00eb b\u00ebr\u00eb \u201csebep\u201d i nj\u00eb p\u00ebrplasjeje shum\u00eb t\u00eb ashp\u00ebr mes vjehrr\u00ebs dhe nuses n\u00eb rubrik\u00ebn \u201cShihemi n\u00eb Gjyq\u201d. Nusja, Vitura shprehet se n\u00eb certifikat\u00ebn e pron\u00ebsis\u00eb ajo dhe bashk\u00ebshorti i saj nuk figurojn\u00eb fare, nd\u00ebrkoh\u00eb q\u00eb kan\u00eb dh\u00ebn\u00eb kontribut n\u00eb nd\u00ebrtimin e sht\u00ebpis\u00eb dhe ve\u00e7an\u00ebrisht n\u00eb katin e dyt\u00eb, i &#8230; <a title=\"\u201cPusho se te qelloj\u2026\u201d, Plas sherri, nusja i tregon kufirin, vjehrra: I besova, kurse ajo burrin tim e ka\u2026\" class=\"read-more\" href=\"https:\/\/factznews.xyz\/?p=9990\" aria-label=\"Read more about \u201cPusho se te qelloj\u2026\u201d, Plas sherri, nusja i tregon kufirin, vjehrra: I besova, kurse ajo burrin tim e ka\u2026\">Read more<\/a><\/p>\n","protected":false},"author":1,"featured_media":9991,"comment_status":"open","ping_status":"open","sticky":false,"template":"","format":"standard","meta":{"footnotes":""},"categories":[5],"tags":[],"class_list":["post-9990","post","type-post","status-publish","format-standard","has-post-thumbnail","hentry","category-interesting"],"_links":{"self":[{"href":"https:\/\/factznews.xyz\/index.php?rest_route=\/wp\/v2\/posts\/9990","targetHints":{"allow":["GET"]}}],"collection":[{"href":"https:\/\/factznews.xyz\/index.php?rest_route=\/wp\/v2\/posts"}],"about":[{"href":"https:\/\/factznews.xyz\/index.php?rest_route=\/wp\/v2\/types\/post"}],"author":[{"embeddable":true,"href":"https:\/\/factznews.xyz\/index.php?rest_route=\/wp\/v2\/users\/1"}],"replies":[{"embeddable":true,"href":"https:\/\/factznews.xyz\/index.php?rest_route=%2Fwp%2Fv2%2Fcomments&post=9990"}],"version-history":[{"count":1,"href":"https:\/\/factznews.xyz\/index.php?rest_route=\/wp\/v2\/posts\/9990\/revisions"}],"predecessor-version":[{"id":9992,"href":"https:\/\/factznews.xyz\/index.php?rest_route=\/wp\/v2\/posts\/9990\/revisions\/9992"}],"wp:featuredmedia":[{"embeddable":true,"href":"https:\/\/factznews.xyz\/index.php?rest_route=\/wp\/v2\/media\/9991"}],"wp:attachment":[{"href":"https:\/\/factznews.xyz\/index.php?rest_route=%2Fwp%2Fv2%2Fmedia&parent=9990"}],"wp:term":[{"taxonomy":"category","embeddable":true,"href":"https:\/\/factznews.xyz\/index.php?rest_route=%2Fwp%2Fv2%2Fcategories&post=9990"},{"taxonomy":"post_tag","embeddable":true,"href":"https:\/\/factznews.xyz\/index.php?rest_route=%2Fwp%2Fv2%2Ftags&post=9990"}],"curies":[{"name":"wp","href":"https:\/\/api.w.org\/{rel}","templated":true}]}}