{"id":9956,"date":"2026-04-27T02:25:56","date_gmt":"2026-04-26T18:25:56","guid":{"rendered":"https:\/\/factznews.xyz\/?p=9956"},"modified":"2026-04-27T02:25:56","modified_gmt":"2026-04-26T18:25:56","slug":"u-va-sot-bashke-me-gruan-ne-atentat-video-e-kreshnik-mujecit","status":"publish","type":"post","link":"https:\/\/factznews.xyz\/?p=9956","title":{"rendered":"U v*a sot bashk\u00eb me gruan n\u00eb atentat, VIDEO e Kreshnik Mujecit"},"content":{"rendered":"<p>39-vje\u00e7ari Kreshnik Mujeci dhe bashk\u00ebshortja e tij mbet\u00ebn viktima t\u00eb nj\u00eb atentati dit\u00ebn e sotme, n\u00eb Balldre t\u00eb Lezh\u00ebs.<\/p>\n<p>Mujeci rezulton t\u00eb ket\u00eb qen\u00eb nj\u00eb prej mb\u00ebshtet\u00ebsve m\u00eb t\u00eb spikatur t\u00eb banor\u00ebve t\u00eb Rrjollit, t\u00eb cil\u00ebt prej disa muajsh po protestojn\u00eb kund\u00ebr nd\u00ebrtimit t\u00eb nj\u00eb resorti n\u00eb tokat e tyre.<\/p>\n<p>N\u00eb nj\u00eb video q\u00eb po qarkullon n\u00eb rrjetet sociale, Mujeci duket duke b\u00ebr\u00eb thirrje q\u00eb sa m\u00eb shum\u00eb qytetar\u00eb t\u00eb protestojn\u00eb krah banor\u00ebve t\u00eb Rrjollit, n\u00eb mbrojtje t\u00eb tokave t\u00eb tyre, p\u00ebr t\u00eb cilat pretendojn\u00eb se po uzurpohen padrejt\u00ebsisht nga biznesmeni Ulaj.<\/p>\n<p>\u201cAmanet o gjaku i shqiptarit, mos t\u2019i l\u00ebm\u00eb k\u00ebta k\u00eblysh\u00eb t\u00eb luajn\u00eb kufijt\u00eb e t\u00eb parit. T\u00eb mbetet histori djal\u00eb pas djali. Mbani mend \u00e7far\u00eb po ju thot\u00eb mal\u00ebsori i Kelmendit\u201d,- shprehej n\u00eb nj\u00eb video Mujeci.<\/p>\n<p><iframe loading=\"lazy\" src=\"https:\/\/www.facebook.com\/plugins\/video.php?href=https%3A%2F%2Fwww.facebook.com%2Freel%2F3104361633286573%2F&#038;show_text=0&#038;width=560\" width=\"560\" height=\"314\" style=\"border:none;overflow:hidden\" scrolling=\"no\" frameborder=\"0\" allowfullscreen=\"true\" allow=\"autoplay; clipboard-write; encrypted-media; picture-in-picture; web-share\" allowFullScreen=\"true\"><\/iframe><\/p>\n","protected":false},"excerpt":{"rendered":"<p>39-vje\u00e7ari Kreshnik Mujeci dhe bashk\u00ebshortja e tij mbet\u00ebn viktima t\u00eb nj\u00eb atentati dit\u00ebn e sotme, n\u00eb Balldre t\u00eb Lezh\u00ebs. Mujeci rezulton t\u00eb ket\u00eb qen\u00eb nj\u00eb prej mb\u00ebshtet\u00ebsve m\u00eb t\u00eb spikatur t\u00eb banor\u00ebve t\u00eb Rrjollit, t\u00eb cil\u00ebt prej disa muajsh po protestojn\u00eb kund\u00ebr nd\u00ebrtimit t\u00eb nj\u00eb resorti n\u00eb tokat e tyre. N\u00eb nj\u00eb video q\u00eb po &#8230; <a title=\"U v*a sot bashk\u00eb me gruan n\u00eb atentat, VIDEO e Kreshnik Mujecit\" class=\"read-more\" href=\"https:\/\/factznews.xyz\/?p=9956\" aria-label=\"Read more about U v*a sot bashk\u00eb me gruan n\u00eb atentat, VIDEO e Kreshnik Mujecit\">Read more<\/a><\/p>\n","protected":false},"author":1,"featured_media":9957,"comment_status":"open","ping_status":"open","sticky":false,"template":"","format":"standard","meta":{"footnotes":""},"categories":[5],"tags":[],"class_list":["post-9956","post","type-post","status-publish","format-standard","has-post-thumbnail","hentry","category-interesting"],"_links":{"self":[{"href":"https:\/\/factznews.xyz\/index.php?rest_route=\/wp\/v2\/posts\/9956","targetHints":{"allow":["GET"]}}],"collection":[{"href":"https:\/\/factznews.xyz\/index.php?rest_route=\/wp\/v2\/posts"}],"about":[{"href":"https:\/\/factznews.xyz\/index.php?rest_route=\/wp\/v2\/types\/post"}],"author":[{"embeddable":true,"href":"https:\/\/factznews.xyz\/index.php?rest_route=\/wp\/v2\/users\/1"}],"replies":[{"embeddable":true,"href":"https:\/\/factznews.xyz\/index.php?rest_route=%2Fwp%2Fv2%2Fcomments&post=9956"}],"version-history":[{"count":1,"href":"https:\/\/factznews.xyz\/index.php?rest_route=\/wp\/v2\/posts\/9956\/revisions"}],"predecessor-version":[{"id":9958,"href":"https:\/\/factznews.xyz\/index.php?rest_route=\/wp\/v2\/posts\/9956\/revisions\/9958"}],"wp:featuredmedia":[{"embeddable":true,"href":"https:\/\/factznews.xyz\/index.php?rest_route=\/wp\/v2\/media\/9957"}],"wp:attachment":[{"href":"https:\/\/factznews.xyz\/index.php?rest_route=%2Fwp%2Fv2%2Fmedia&parent=9956"}],"wp:term":[{"taxonomy":"category","embeddable":true,"href":"https:\/\/factznews.xyz\/index.php?rest_route=%2Fwp%2Fv2%2Fcategories&post=9956"},{"taxonomy":"post_tag","embeddable":true,"href":"https:\/\/factznews.xyz\/index.php?rest_route=%2Fwp%2Fv2%2Ftags&post=9956"}],"curies":[{"name":"wp","href":"https:\/\/api.w.org\/{rel}","templated":true}]}}