{"id":9952,"date":"2026-04-27T02:23:08","date_gmt":"2026-04-26T18:23:08","guid":{"rendered":"https:\/\/factznews.xyz\/?p=9952"},"modified":"2026-04-27T02:23:08","modified_gmt":"2026-04-26T18:23:08","slug":"vrasja-e-endri-goxhajt-prinderit-e-30-vjecarit-tregojne-detaje-e-ruanin-perdite","status":"publish","type":"post","link":"https:\/\/factznews.xyz\/?p=9952","title":{"rendered":"Vrasja e Endri Goxhajt, prind\u00ebrit e 30-vje\u00e7arit tregojn\u00eb detaje: E ruanin p\u00ebrdit\u00eb"},"content":{"rendered":"<p>Familjar\u00ebt e 30-vje\u00e7arit Endri Goxhaj, i cili u vra pak dit\u00eb m\u00eb par\u00eb n\u00eb Memaliaj, kan\u00eb rr\u00ebfyer dhimbjen dhe detaje t\u00eb reja mbi ngjarjen tragjike q\u00eb i mori jet\u00ebn djalit t\u00eb tyre.<\/p>\n<p>Babai i tij, Astrit Goxhaj, i cili \u00ebsht\u00eb invalid, n\u00eb nj\u00eb prononcim p\u00ebr TCH, rr\u00ebfen se ka b\u00ebr\u00eb sakrifica t\u00eb shumta p\u00ebr t\u00eb rritur t\u00eb birin, duke punuar n\u00eb kushte t\u00eb v\u00ebshtira dhe madje duke mbledhur lule n\u00eb mal p\u00ebr t\u00eb siguruar jetes\u00ebn. Ai shprehet se \u00e7do mundim kishte vet\u00ebm nj\u00eb q\u00ebllim, t\u2019i siguronte Endrit nj\u00eb t\u00eb ardhme m\u00eb t\u00eb mir\u00eb. Por pas vrasjes s\u00eb tij, ai thot\u00eb se gjith\u00e7ka \u00ebsht\u00eb shembur.<\/p>\n<p>Mes dhimbjes s\u00eb thell\u00eb, babai k\u00ebrkon q\u00eb autor\u00ebt t\u00eb vihen p\u00ebrpara drejt\u00ebsis\u00eb, nd\u00ebrsa thekson se humbja e t\u00eb birit i ka marr\u00eb \u00e7do shpres\u00eb p\u00ebr jet\u00ebn.<\/p>\n<p>Edhe n\u00ebna e 30-vje\u00e7arit, e tronditur nga ngjarja, apelon p\u00ebr zbardhjen e plot\u00eb t\u00eb krimit. Ajo shprehet se djali i saj ndiqej vazhdimisht dhe, sipas saj, autor\u00ebt e ruanin p\u00ebrdit\u00eb p\u00ebr t\u00eb realizuar vrasjen. Me z\u00eb t\u00eb dridhur, k\u00ebrkon q\u00eb p\u00ebrgjegj\u00ebsit t\u00eb marrin d\u00ebnimin e merituar, duke theksuar se drejt\u00ebsia \u00ebsht\u00eb e vetmja gj\u00eb q\u00eb mund t\u2019i jap\u00eb sadopak qet\u00ebsi shpirt\u00ebrore.<\/p>\n","protected":false},"excerpt":{"rendered":"<p>Familjar\u00ebt e 30-vje\u00e7arit Endri Goxhaj, i cili u vra pak dit\u00eb m\u00eb par\u00eb n\u00eb Memaliaj, kan\u00eb rr\u00ebfyer dhimbjen dhe detaje t\u00eb reja mbi ngjarjen tragjike q\u00eb i mori jet\u00ebn djalit t\u00eb tyre. Babai i tij, Astrit Goxhaj, i cili \u00ebsht\u00eb invalid, n\u00eb nj\u00eb prononcim p\u00ebr TCH, rr\u00ebfen se ka b\u00ebr\u00eb sakrifica t\u00eb shumta p\u00ebr t\u00eb &#8230; <a title=\"Vrasja e Endri Goxhajt, prind\u00ebrit e 30-vje\u00e7arit tregojn\u00eb detaje: E ruanin p\u00ebrdit\u00eb\" class=\"read-more\" href=\"https:\/\/factznews.xyz\/?p=9952\" aria-label=\"Read more about Vrasja e Endri Goxhajt, prind\u00ebrit e 30-vje\u00e7arit tregojn\u00eb detaje: E ruanin p\u00ebrdit\u00eb\">Read more<\/a><\/p>\n","protected":false},"author":1,"featured_media":9953,"comment_status":"open","ping_status":"open","sticky":false,"template":"","format":"standard","meta":{"footnotes":""},"categories":[5],"tags":[],"class_list":["post-9952","post","type-post","status-publish","format-standard","has-post-thumbnail","hentry","category-interesting"],"_links":{"self":[{"href":"https:\/\/factznews.xyz\/index.php?rest_route=\/wp\/v2\/posts\/9952","targetHints":{"allow":["GET"]}}],"collection":[{"href":"https:\/\/factznews.xyz\/index.php?rest_route=\/wp\/v2\/posts"}],"about":[{"href":"https:\/\/factznews.xyz\/index.php?rest_route=\/wp\/v2\/types\/post"}],"author":[{"embeddable":true,"href":"https:\/\/factznews.xyz\/index.php?rest_route=\/wp\/v2\/users\/1"}],"replies":[{"embeddable":true,"href":"https:\/\/factznews.xyz\/index.php?rest_route=%2Fwp%2Fv2%2Fcomments&post=9952"}],"version-history":[{"count":2,"href":"https:\/\/factznews.xyz\/index.php?rest_route=\/wp\/v2\/posts\/9952\/revisions"}],"predecessor-version":[{"id":9955,"href":"https:\/\/factznews.xyz\/index.php?rest_route=\/wp\/v2\/posts\/9952\/revisions\/9955"}],"wp:featuredmedia":[{"embeddable":true,"href":"https:\/\/factznews.xyz\/index.php?rest_route=\/wp\/v2\/media\/9953"}],"wp:attachment":[{"href":"https:\/\/factznews.xyz\/index.php?rest_route=%2Fwp%2Fv2%2Fmedia&parent=9952"}],"wp:term":[{"taxonomy":"category","embeddable":true,"href":"https:\/\/factznews.xyz\/index.php?rest_route=%2Fwp%2Fv2%2Fcategories&post=9952"},{"taxonomy":"post_tag","embeddable":true,"href":"https:\/\/factznews.xyz\/index.php?rest_route=%2Fwp%2Fv2%2Ftags&post=9952"}],"curies":[{"name":"wp","href":"https:\/\/api.w.org\/{rel}","templated":true}]}}