{"id":9929,"date":"2026-04-26T20:37:40","date_gmt":"2026-04-26T12:37:40","guid":{"rendered":"https:\/\/factznews.xyz\/?p=9929"},"modified":"2026-04-26T20:37:40","modified_gmt":"2026-04-26T12:37:40","slug":"aksident-i-rende-ne-aksin-librazhd-elbasan-humb-jeten-nje-person","status":"publish","type":"post","link":"https:\/\/factznews.xyz\/?p=9929","title":{"rendered":"Aksident i r\u00ebnd\u00eb n\u00eb aksin Librazhd\u2013Elbasan, humb jet\u00ebn nj\u00eb person"},"content":{"rendered":"<p>Mbr\u00ebmjen e 25 prillit 2026 rreth or\u00ebs 23:20, nj\u00eb aksident i r\u00ebnd\u00eb rrugor me pasoj\u00eb humbjen e jet\u00ebs s\u00eb nj\u00eb 45-vje\u00e7ari, \u00ebsht\u00eb regjistruar n\u00eb aksin \u201cLibrazhd\u2013Elbasan\u201d, n\u00eb fshatin Labinot.<\/p>\n<p>Sipas informacionit paraprak, nj\u00eb motomjet i drejtuar nga shtetasi A. K., 45-vje\u00e7, ka dal\u00eb nga rruga n\u00eb rrethana ende t\u00eb paqarta.<\/p>\n<p>P\u00ebr pasoj\u00eb, drejtuesi i mjetit \u00ebsht\u00eb transportuar me urgjenc\u00eb drejt spitalit, por fatkeq\u00ebsisht nuk ka mundur t\u2019u mbijetoj\u00eb plag\u00ebve t\u00eb marra.<\/p>\n<p>N\u00eb motomjet udh\u00ebtonte edhe bashk\u00ebshortja e tij, shtetasja F. K., e cila ka p\u00ebsuar d\u00ebmtime t\u00eb lehta dhe ndodhet jasht\u00eb rrezikut p\u00ebr jet\u00ebn.<\/p>\n<p>N\u00eb vendngjarje ka mb\u00ebrritur menj\u00ebher\u00eb grupi hetimor, i cili po punon p\u00ebr zbardhjen e plot\u00eb t\u00eb rrethanave dhe p\u00ebrcaktimin e shkaqeve t\u00eb k\u00ebtij aksidenti tragjik.<\/p>\n<p>Nd\u00ebrkoh\u00eb pritet q\u00eb hetimet t\u00eb hedhin m\u00eb shum\u00eb drit\u00eb mbi dinamik\u00ebn e aksidentit.<\/p>\n","protected":false},"excerpt":{"rendered":"<p>Mbr\u00ebmjen e 25 prillit 2026 rreth or\u00ebs 23:20, nj\u00eb aksident i r\u00ebnd\u00eb rrugor me pasoj\u00eb humbjen e jet\u00ebs s\u00eb nj\u00eb 45-vje\u00e7ari, \u00ebsht\u00eb regjistruar n\u00eb aksin \u201cLibrazhd\u2013Elbasan\u201d, n\u00eb fshatin Labinot. Sipas informacionit paraprak, nj\u00eb motomjet i drejtuar nga shtetasi A. K., 45-vje\u00e7, ka dal\u00eb nga rruga n\u00eb rrethana ende t\u00eb paqarta. P\u00ebr pasoj\u00eb, drejtuesi i mjetit &#8230; <a title=\"Aksident i r\u00ebnd\u00eb n\u00eb aksin Librazhd\u2013Elbasan, humb jet\u00ebn nj\u00eb person\" class=\"read-more\" href=\"https:\/\/factznews.xyz\/?p=9929\" aria-label=\"Read more about Aksident i r\u00ebnd\u00eb n\u00eb aksin Librazhd\u2013Elbasan, humb jet\u00ebn nj\u00eb person\">Read more<\/a><\/p>\n","protected":false},"author":1,"featured_media":5368,"comment_status":"open","ping_status":"open","sticky":false,"template":"","format":"standard","meta":{"footnotes":""},"categories":[5],"tags":[],"class_list":["post-9929","post","type-post","status-publish","format-standard","has-post-thumbnail","hentry","category-interesting"],"_links":{"self":[{"href":"https:\/\/factznews.xyz\/index.php?rest_route=\/wp\/v2\/posts\/9929","targetHints":{"allow":["GET"]}}],"collection":[{"href":"https:\/\/factznews.xyz\/index.php?rest_route=\/wp\/v2\/posts"}],"about":[{"href":"https:\/\/factznews.xyz\/index.php?rest_route=\/wp\/v2\/types\/post"}],"author":[{"embeddable":true,"href":"https:\/\/factznews.xyz\/index.php?rest_route=\/wp\/v2\/users\/1"}],"replies":[{"embeddable":true,"href":"https:\/\/factznews.xyz\/index.php?rest_route=%2Fwp%2Fv2%2Fcomments&post=9929"}],"version-history":[{"count":1,"href":"https:\/\/factznews.xyz\/index.php?rest_route=\/wp\/v2\/posts\/9929\/revisions"}],"predecessor-version":[{"id":9930,"href":"https:\/\/factznews.xyz\/index.php?rest_route=\/wp\/v2\/posts\/9929\/revisions\/9930"}],"wp:featuredmedia":[{"embeddable":true,"href":"https:\/\/factznews.xyz\/index.php?rest_route=\/wp\/v2\/media\/5368"}],"wp:attachment":[{"href":"https:\/\/factznews.xyz\/index.php?rest_route=%2Fwp%2Fv2%2Fmedia&parent=9929"}],"wp:term":[{"taxonomy":"category","embeddable":true,"href":"https:\/\/factznews.xyz\/index.php?rest_route=%2Fwp%2Fv2%2Fcategories&post=9929"},{"taxonomy":"post_tag","embeddable":true,"href":"https:\/\/factznews.xyz\/index.php?rest_route=%2Fwp%2Fv2%2Ftags&post=9929"}],"curies":[{"name":"wp","href":"https:\/\/api.w.org\/{rel}","templated":true}]}}