{"id":9905,"date":"2026-04-26T07:34:46","date_gmt":"2026-04-25T23:34:46","guid":{"rendered":"https:\/\/factznews.xyz\/?p=9905"},"modified":"2026-04-26T07:34:46","modified_gmt":"2026-04-25T23:34:46","slug":"me-ke-e-keni-ju-une-jam-kryeminister-e-dini-apo-jo-rama-iu-sulet-prokuroreve-dhe-gjyqtareve","status":"publish","type":"post","link":"https:\/\/factznews.xyz\/?p=9905","title":{"rendered":"\u201cMe k\u00eb e keni ju, un\u00eb jam kryeminist\u00ebr! E dini apo jo\u201d, Rama iu sulet prokuror\u00ebve dhe gjyqtar\u00ebve"},"content":{"rendered":"<h1>Kryeministri Edi Rama ka rikthyer n\u00eb v\u00ebmendje debatet p\u00ebr drejt\u00ebsin\u00eb, duke b\u00ebr\u00eb nj\u00eb krahasim t\u00eb drejtp\u00ebrdrejt\u00eb me periudh\u00ebn e qeverisjes s\u00eb Sali Berish\u00ebs.<\/h1>\n<p>N\u00eb nj\u00eb reagim t\u00eb fort\u00eb p\u00ebr pushtetin gjyq\u00ebsor, Rama kujtoi sulmet publike q\u00eb, sipas tij, Berisha i ka drejtuar dikur institucioneve t\u00eb drejt\u00ebsis\u00eb, nd\u00ebrsa sot \u2013 thekson ai \u2013 kritikat ndaj tij shoq\u00ebrohen menj\u00ebher\u00eb me reagime nga gjyqtar\u00eb dhe prokuror\u00eb.<\/p>\n<p>Kjo deklarat\u00eb ka hapur nj\u00eb tjet\u00ebr front p\u00ebrplasjesh politike rreth rolit t\u00eb drejt\u00ebsis\u00eb dhe standardeve t\u00eb reagimit ndaj figurave t\u00eb pushtetit.<\/p>\n<p><iframe loading=\"lazy\" title=\"&quot;Me k\u00eb e keni ju, un\u00eb jam kryeminist\u00ebr! E dini apo jo&quot;, Rama iu sulet prokuror\u00ebve dhe gjyqtar\u00ebve\" width=\"1200\" height=\"675\" src=\"https:\/\/www.youtube.com\/embed\/advhSx61zR8?feature=oembed\" frameborder=\"0\" allow=\"accelerometer; autoplay; clipboard-write; encrypted-media; gyroscope; picture-in-picture; web-share\" referrerpolicy=\"strict-origin-when-cross-origin\" allowfullscreen><\/iframe><\/p>\n<p>&nbsp;<\/p>\n","protected":false},"excerpt":{"rendered":"<p>Kryeministri Edi Rama ka rikthyer n\u00eb v\u00ebmendje debatet p\u00ebr drejt\u00ebsin\u00eb, duke b\u00ebr\u00eb nj\u00eb krahasim t\u00eb drejtp\u00ebrdrejt\u00eb me periudh\u00ebn e qeverisjes s\u00eb Sali Berish\u00ebs. N\u00eb nj\u00eb reagim t\u00eb fort\u00eb p\u00ebr pushtetin gjyq\u00ebsor, Rama kujtoi sulmet publike q\u00eb, sipas tij, Berisha i ka drejtuar dikur institucioneve t\u00eb drejt\u00ebsis\u00eb, nd\u00ebrsa sot \u2013 thekson ai \u2013 kritikat ndaj tij &#8230; <a title=\"\u201cMe k\u00eb e keni ju, un\u00eb jam kryeminist\u00ebr! E dini apo jo\u201d, Rama iu sulet prokuror\u00ebve dhe gjyqtar\u00ebve\" class=\"read-more\" href=\"https:\/\/factznews.xyz\/?p=9905\" aria-label=\"Read more about \u201cMe k\u00eb e keni ju, un\u00eb jam kryeminist\u00ebr! E dini apo jo\u201d, Rama iu sulet prokuror\u00ebve dhe gjyqtar\u00ebve\">Read more<\/a><\/p>\n","protected":false},"author":1,"featured_media":8599,"comment_status":"open","ping_status":"open","sticky":false,"template":"","format":"standard","meta":{"footnotes":""},"categories":[5],"tags":[],"class_list":["post-9905","post","type-post","status-publish","format-standard","has-post-thumbnail","hentry","category-interesting"],"_links":{"self":[{"href":"https:\/\/factznews.xyz\/index.php?rest_route=\/wp\/v2\/posts\/9905","targetHints":{"allow":["GET"]}}],"collection":[{"href":"https:\/\/factznews.xyz\/index.php?rest_route=\/wp\/v2\/posts"}],"about":[{"href":"https:\/\/factznews.xyz\/index.php?rest_route=\/wp\/v2\/types\/post"}],"author":[{"embeddable":true,"href":"https:\/\/factznews.xyz\/index.php?rest_route=\/wp\/v2\/users\/1"}],"replies":[{"embeddable":true,"href":"https:\/\/factznews.xyz\/index.php?rest_route=%2Fwp%2Fv2%2Fcomments&post=9905"}],"version-history":[{"count":1,"href":"https:\/\/factznews.xyz\/index.php?rest_route=\/wp\/v2\/posts\/9905\/revisions"}],"predecessor-version":[{"id":9906,"href":"https:\/\/factznews.xyz\/index.php?rest_route=\/wp\/v2\/posts\/9905\/revisions\/9906"}],"wp:featuredmedia":[{"embeddable":true,"href":"https:\/\/factznews.xyz\/index.php?rest_route=\/wp\/v2\/media\/8599"}],"wp:attachment":[{"href":"https:\/\/factznews.xyz\/index.php?rest_route=%2Fwp%2Fv2%2Fmedia&parent=9905"}],"wp:term":[{"taxonomy":"category","embeddable":true,"href":"https:\/\/factznews.xyz\/index.php?rest_route=%2Fwp%2Fv2%2Fcategories&post=9905"},{"taxonomy":"post_tag","embeddable":true,"href":"https:\/\/factznews.xyz\/index.php?rest_route=%2Fwp%2Fv2%2Ftags&post=9905"}],"curies":[{"name":"wp","href":"https:\/\/api.w.org\/{rel}","templated":true}]}}