{"id":9902,"date":"2026-04-26T07:33:13","date_gmt":"2026-04-25T23:33:13","guid":{"rendered":"https:\/\/factznews.xyz\/?p=9902"},"modified":"2026-04-26T07:33:13","modified_gmt":"2026-04-25T23:33:13","slug":"vritet-vllavi-i-deputetit-ja-emri","status":"publish","type":"post","link":"https:\/\/factznews.xyz\/?p=9902","title":{"rendered":"Vritet vllavi i deputetit \u2013 Ja emri"},"content":{"rendered":"<p>Nj\u00eb ngjarje e r\u00ebnd\u00eb dhe trondit\u00ebse ka goditur opinionin publik, pasi nj\u00eb akt brutal dhune ka marr\u00eb jet\u00ebn e nj\u00eb personi n\u00eb rrethana ende t\u00eb paqarta, duke l\u00ebn\u00eb pas dhimbje t\u00eb thell\u00eb dhe shum\u00eb pik\u00ebpyetje.<\/p>\n<p>Sipas burimeve jozyrtare, viktima u sulmua n\u00eb m\u00ebnyr\u00eb t\u00eb papritur n\u00eb or\u00ebt e vona t\u00eb mbr\u00ebmjes, n\u00eb nj\u00eb rrug\u00eb t\u00eb qet\u00eb ku askush nuk priste nj\u00eb sken\u00eb kaq makabre. D\u00ebshmitar\u00eb t\u00eb rrall\u00eb q\u00eb ndodheshin pran\u00eb kan\u00eb p\u00ebrshkruar momente paniku dhe britma q\u00eb thyen heshtjen, nd\u00ebrsa autor\u00ebt dyshohet se jan\u00eb larguar menj\u00ebher\u00eb nga vendi i ngjarjes, duke l\u00ebn\u00eb pas nj\u00eb sken\u00eb t\u00eb r\u00ebnd\u00eb.<\/p>\n<p>Forcat e rendit kan\u00eb mb\u00ebrritur me urgjenc\u00eb, por p\u00ebrkund\u00ebr p\u00ebrpjekjeve, nuk ishte e mundur t\u00eb shp\u00ebtohej jeta e viktim\u00ebs. Zona u rrethua p\u00ebr or\u00eb t\u00eb t\u00ebra, nd\u00ebrsa hetuesit nis\u00ebn menj\u00ebher\u00eb pun\u00ebn p\u00ebr t\u00eb zbardhur motivet dhe identifikuar autor\u00ebt e k\u00ebtij krimi q\u00eb ka tronditur jo vet\u00ebm familjen, por edhe opinionin e gjer\u00eb.<\/p>\n<p>Familjar\u00ebt e viktim\u00ebs jan\u00eb n\u00eb gjendje shoku, nd\u00ebrsa t\u00eb af\u00ebrmit k\u00ebrkojn\u00eb drejt\u00ebsi dhe zbardhje t\u00eb plot\u00eb t\u00eb rastit. Ata e p\u00ebrshkruajn\u00eb viktim\u00ebn si nj\u00eb njeri t\u00eb qet\u00eb dhe t\u00eb respektuar, \u00e7ka e b\u00ebn k\u00ebt\u00eb ngjarje edhe m\u00eb t\u00eb r\u00ebnd\u00eb dhe t\u00eb pakuptueshme.<\/p>\n<p>Ngjarja ka marr\u00eb v\u00ebmendje t\u00eb madhe edhe p\u00ebr shkak t\u00eb lidhjes s\u00eb viktim\u00ebs me politik\u00ebn, pasi ai rezulton t\u00eb jet\u00eb v\u00ebllai i deputetit iranian Alaeddin Boroujerdi, i identifikuar si Karem Boroujrdi.<\/p>\n","protected":false},"excerpt":{"rendered":"<p>Nj\u00eb ngjarje e r\u00ebnd\u00eb dhe trondit\u00ebse ka goditur opinionin publik, pasi nj\u00eb akt brutal dhune ka marr\u00eb jet\u00ebn e nj\u00eb personi n\u00eb rrethana ende t\u00eb paqarta, duke l\u00ebn\u00eb pas dhimbje t\u00eb thell\u00eb dhe shum\u00eb pik\u00ebpyetje. Sipas burimeve jozyrtare, viktima u sulmua n\u00eb m\u00ebnyr\u00eb t\u00eb papritur n\u00eb or\u00ebt e vona t\u00eb mbr\u00ebmjes, n\u00eb nj\u00eb rrug\u00eb t\u00eb &#8230; <a title=\"Vritet vllavi i deputetit \u2013 Ja emri\" class=\"read-more\" href=\"https:\/\/factznews.xyz\/?p=9902\" aria-label=\"Read more about Vritet vllavi i deputetit \u2013 Ja emri\">Read more<\/a><\/p>\n","protected":false},"author":1,"featured_media":0,"comment_status":"open","ping_status":"open","sticky":false,"template":"","format":"standard","meta":{"footnotes":""},"categories":[5],"tags":[],"class_list":["post-9902","post","type-post","status-publish","format-standard","hentry","category-interesting"],"_links":{"self":[{"href":"https:\/\/factznews.xyz\/index.php?rest_route=\/wp\/v2\/posts\/9902","targetHints":{"allow":["GET"]}}],"collection":[{"href":"https:\/\/factznews.xyz\/index.php?rest_route=\/wp\/v2\/posts"}],"about":[{"href":"https:\/\/factznews.xyz\/index.php?rest_route=\/wp\/v2\/types\/post"}],"author":[{"embeddable":true,"href":"https:\/\/factznews.xyz\/index.php?rest_route=\/wp\/v2\/users\/1"}],"replies":[{"embeddable":true,"href":"https:\/\/factznews.xyz\/index.php?rest_route=%2Fwp%2Fv2%2Fcomments&post=9902"}],"version-history":[{"count":1,"href":"https:\/\/factznews.xyz\/index.php?rest_route=\/wp\/v2\/posts\/9902\/revisions"}],"predecessor-version":[{"id":9904,"href":"https:\/\/factznews.xyz\/index.php?rest_route=\/wp\/v2\/posts\/9902\/revisions\/9904"}],"wp:attachment":[{"href":"https:\/\/factznews.xyz\/index.php?rest_route=%2Fwp%2Fv2%2Fmedia&parent=9902"}],"wp:term":[{"taxonomy":"category","embeddable":true,"href":"https:\/\/factznews.xyz\/index.php?rest_route=%2Fwp%2Fv2%2Fcategories&post=9902"},{"taxonomy":"post_tag","embeddable":true,"href":"https:\/\/factznews.xyz\/index.php?rest_route=%2Fwp%2Fv2%2Ftags&post=9902"}],"curies":[{"name":"wp","href":"https:\/\/api.w.org\/{rel}","templated":true}]}}