{"id":9895,"date":"2026-04-26T07:28:39","date_gmt":"2026-04-25T23:28:39","guid":{"rendered":"https:\/\/factznews.xyz\/?p=9895"},"modified":"2026-04-26T07:28:39","modified_gmt":"2026-04-25T23:28:39","slug":"berisha-perjashton-nga-gara-kandidatin-per-kreun-e-pd-se-ne-qytetin","status":"publish","type":"post","link":"https:\/\/factznews.xyz\/?p=9895","title":{"rendered":"Berisha p\u00ebrjashton nga gara kandidatin p\u00ebr kreun e PD-s\u00eb n\u00eb qytetin\u2026"},"content":{"rendered":"<p>Sali Berisha ka p\u00ebrjashtuar nga gara p\u00ebr kreun e PD-s\u00eb Kor\u00e7\u00eb Bravaldi Xhafk\u00ebn, i cili m\u00eb her\u00ebt ka mbajtur pozicionin e sekretarit organizativ n\u00eb PD-n\u00eb e Kor\u00e7\u00ebs, por prej 10 janarit 2026 u b\u00eb pjes\u00eb e Foltores s\u00eb Ervin Salianjit, ku edhe kritikoi hapur drejtimin e Berish\u00ebs.<\/p>\n<p>N\u00eb fjal\u00ebn e tij m\u00eb 10 janar, ai theksoi se PD-ja nuk \u00ebsht\u00eb \u201cparti muze\u201d, por shpresa e shqiptar\u00ebve, duke n\u00ebnkuptuar pozicionimin kund\u00ebr lidershipit t\u00eb Sali Berish\u00ebs n\u00eb drejtimin e PD-s\u00eb.<\/p>\n<p>M\u00eb dat\u00eb 3 prill, ai shpalli publikisht k\u00ebrkes\u00ebn p\u00ebr kandidatur\u00ebn p\u00ebr kreun e PD-s\u00eb s\u00eb Kor\u00e7\u00ebs, ku edhe paraqiti programin e tij p\u00ebr ngritjen e partis\u00eb.<\/p>\n<p>Nd\u00ebrsa informacione brenda strukturave t\u00eb PD-s\u00eb s\u00eb juglindjes b\u00ebjn\u00eb t\u00eb ditur se, q\u00eb nga shpallja e k\u00ebrkes\u00ebs s\u00eb kandidimit t\u00eb Xhafk\u00ebs, dega e PD-s\u00eb Kor\u00e7\u00eb kaloi n\u00eb nj\u00eb faz\u00eb p\u00ebr\u00e7arjeje, ku diskutimet jan\u00eb shtrir\u00eb mbi influenc\u00ebn e Salianjit n\u00eb gar\u00ebn p\u00ebr Kor\u00e7\u00ebn.<\/p>\n<p>Zgjedhjet ishin planifikuar t\u00eb mbaheshin k\u00ebt\u00eb t\u00eb diel\u00eb, por u shtyn\u00eb p\u00ebr n\u00eb dat\u00ebn 3 maj. Nd\u00ebrkoh\u00eb nga 4 kandidatura, jan\u00eb konfirmuar vet\u00ebm dy, Harito Zoto dhe Irvin Bode, i cili shihej si rivali direkt i Xhafk\u00ebs n\u00eb k\u00ebt\u00eb gar\u00eb.<\/p>\n","protected":false},"excerpt":{"rendered":"<p>Sali Berisha ka p\u00ebrjashtuar nga gara p\u00ebr kreun e PD-s\u00eb Kor\u00e7\u00eb Bravaldi Xhafk\u00ebn, i cili m\u00eb her\u00ebt ka mbajtur pozicionin e sekretarit organizativ n\u00eb PD-n\u00eb e Kor\u00e7\u00ebs, por prej 10 janarit 2026 u b\u00eb pjes\u00eb e Foltores s\u00eb Ervin Salianjit, ku edhe kritikoi hapur drejtimin e Berish\u00ebs. N\u00eb fjal\u00ebn e tij m\u00eb 10 janar, ai &#8230; <a title=\"Berisha p\u00ebrjashton nga gara kandidatin p\u00ebr kreun e PD-s\u00eb n\u00eb qytetin\u2026\" class=\"read-more\" href=\"https:\/\/factznews.xyz\/?p=9895\" aria-label=\"Read more about Berisha p\u00ebrjashton nga gara kandidatin p\u00ebr kreun e PD-s\u00eb n\u00eb qytetin\u2026\">Read more<\/a><\/p>\n","protected":false},"author":1,"featured_media":8953,"comment_status":"open","ping_status":"open","sticky":false,"template":"","format":"standard","meta":{"footnotes":""},"categories":[5],"tags":[],"class_list":["post-9895","post","type-post","status-publish","format-standard","has-post-thumbnail","hentry","category-interesting"],"_links":{"self":[{"href":"https:\/\/factznews.xyz\/index.php?rest_route=\/wp\/v2\/posts\/9895","targetHints":{"allow":["GET"]}}],"collection":[{"href":"https:\/\/factznews.xyz\/index.php?rest_route=\/wp\/v2\/posts"}],"about":[{"href":"https:\/\/factznews.xyz\/index.php?rest_route=\/wp\/v2\/types\/post"}],"author":[{"embeddable":true,"href":"https:\/\/factznews.xyz\/index.php?rest_route=\/wp\/v2\/users\/1"}],"replies":[{"embeddable":true,"href":"https:\/\/factznews.xyz\/index.php?rest_route=%2Fwp%2Fv2%2Fcomments&post=9895"}],"version-history":[{"count":1,"href":"https:\/\/factznews.xyz\/index.php?rest_route=\/wp\/v2\/posts\/9895\/revisions"}],"predecessor-version":[{"id":9896,"href":"https:\/\/factznews.xyz\/index.php?rest_route=\/wp\/v2\/posts\/9895\/revisions\/9896"}],"wp:featuredmedia":[{"embeddable":true,"href":"https:\/\/factznews.xyz\/index.php?rest_route=\/wp\/v2\/media\/8953"}],"wp:attachment":[{"href":"https:\/\/factznews.xyz\/index.php?rest_route=%2Fwp%2Fv2%2Fmedia&parent=9895"}],"wp:term":[{"taxonomy":"category","embeddable":true,"href":"https:\/\/factznews.xyz\/index.php?rest_route=%2Fwp%2Fv2%2Fcategories&post=9895"},{"taxonomy":"post_tag","embeddable":true,"href":"https:\/\/factznews.xyz\/index.php?rest_route=%2Fwp%2Fv2%2Ftags&post=9895"}],"curies":[{"name":"wp","href":"https:\/\/api.w.org\/{rel}","templated":true}]}}