{"id":9886,"date":"2026-04-26T07:23:58","date_gmt":"2026-04-25T23:23:58","guid":{"rendered":"https:\/\/factznews.xyz\/?p=9886"},"modified":"2026-04-26T07:23:58","modified_gmt":"2026-04-25T23:23:58","slug":"erion-veliaj-transferohet-ne-spital","status":"publish","type":"post","link":"https:\/\/factznews.xyz\/?p=9886","title":{"rendered":"Erion Veliaj transferohet n\u00eb spital"},"content":{"rendered":"<p>Kryebashkiaku i Tiran\u00ebs, Erion Veliaj, \u00ebsht\u00eb transferuar s\u00eb fundmi n\u00eb nj\u00eb spital privat, ku i \u00ebsht\u00eb n\u00ebnshtruar nj\u00eb nd\u00ebrhyrjeje kirurgjikale.<\/p>\n<p>Sipas burimeve pran\u00eb strukturave p\u00ebrkat\u00ebse, operacioni \u00ebsht\u00eb kryer me sukses dhe n\u00ebn kujdesin e nj\u00eb ekipi mjek\u00ebsor t\u00eb specializuar.<\/p>\n<p>Nuk jan\u00eb b\u00ebr\u00eb publike detaje t\u00eb shumta lidhur me natyr\u00ebn e nd\u00ebrhyrjes apo gjendjen e tij sh\u00ebndet\u00ebsore para operacionit, por thuhet se procedura ka qen\u00eb e nevojshme dhe e planifikuar.<\/p>\n<p>Pas p\u00ebrfundimit t\u00eb nd\u00ebrhyrjes dhe stabilizimit t\u00eb gjendjes s\u00eb tij, Veliaj \u00ebsht\u00eb rikthyer s\u00ebrish n\u00eb ambientet e paraburgimit, duke vijuar q\u00ebndrimin aty sipas procedurave ligjore n\u00eb fuqi.<\/p>\n<p>Autoritetet nuk kan\u00eb dh\u00ebn\u00eb ende nj\u00eb deklarat\u00eb zyrtare m\u00eb t\u00eb detajuar mbi rastin, nd\u00ebrsa pritet q\u00eb n\u00eb vijim t\u00eb ket\u00eb m\u00eb shum\u00eb informacion p\u00ebr publikun.<\/p>\n<p>Vijon\u2026<\/p>\n","protected":false},"excerpt":{"rendered":"<p>Kryebashkiaku i Tiran\u00ebs, Erion Veliaj, \u00ebsht\u00eb transferuar s\u00eb fundmi n\u00eb nj\u00eb spital privat, ku i \u00ebsht\u00eb n\u00ebnshtruar nj\u00eb nd\u00ebrhyrjeje kirurgjikale. Sipas burimeve pran\u00eb strukturave p\u00ebrkat\u00ebse, operacioni \u00ebsht\u00eb kryer me sukses dhe n\u00ebn kujdesin e nj\u00eb ekipi mjek\u00ebsor t\u00eb specializuar. Nuk jan\u00eb b\u00ebr\u00eb publike detaje t\u00eb shumta lidhur me natyr\u00ebn e nd\u00ebrhyrjes apo gjendjen e tij &#8230; <a title=\"Erion Veliaj transferohet n\u00eb spital\" class=\"read-more\" href=\"https:\/\/factznews.xyz\/?p=9886\" aria-label=\"Read more about Erion Veliaj transferohet n\u00eb spital\">Read more<\/a><\/p>\n","protected":false},"author":1,"featured_media":0,"comment_status":"open","ping_status":"open","sticky":false,"template":"","format":"standard","meta":{"footnotes":""},"categories":[5],"tags":[],"class_list":["post-9886","post","type-post","status-publish","format-standard","hentry","category-interesting"],"_links":{"self":[{"href":"https:\/\/factznews.xyz\/index.php?rest_route=\/wp\/v2\/posts\/9886","targetHints":{"allow":["GET"]}}],"collection":[{"href":"https:\/\/factznews.xyz\/index.php?rest_route=\/wp\/v2\/posts"}],"about":[{"href":"https:\/\/factznews.xyz\/index.php?rest_route=\/wp\/v2\/types\/post"}],"author":[{"embeddable":true,"href":"https:\/\/factznews.xyz\/index.php?rest_route=\/wp\/v2\/users\/1"}],"replies":[{"embeddable":true,"href":"https:\/\/factznews.xyz\/index.php?rest_route=%2Fwp%2Fv2%2Fcomments&post=9886"}],"version-history":[{"count":1,"href":"https:\/\/factznews.xyz\/index.php?rest_route=\/wp\/v2\/posts\/9886\/revisions"}],"predecessor-version":[{"id":9888,"href":"https:\/\/factznews.xyz\/index.php?rest_route=\/wp\/v2\/posts\/9886\/revisions\/9888"}],"wp:attachment":[{"href":"https:\/\/factznews.xyz\/index.php?rest_route=%2Fwp%2Fv2%2Fmedia&parent=9886"}],"wp:term":[{"taxonomy":"category","embeddable":true,"href":"https:\/\/factznews.xyz\/index.php?rest_route=%2Fwp%2Fv2%2Fcategories&post=9886"},{"taxonomy":"post_tag","embeddable":true,"href":"https:\/\/factznews.xyz\/index.php?rest_route=%2Fwp%2Fv2%2Ftags&post=9886"}],"curies":[{"name":"wp","href":"https:\/\/api.w.org\/{rel}","templated":true}]}}