{"id":9865,"date":"2026-04-26T02:39:20","date_gmt":"2026-04-25T18:39:20","guid":{"rendered":"https:\/\/factznews.xyz\/?p=9865"},"modified":"2026-04-26T02:39:20","modified_gmt":"2026-04-25T18:39:20","slug":"trmet-brenda-partise-demokratike-largohet-me-urgjence-kreu-i-deges","status":"publish","type":"post","link":"https:\/\/factznews.xyz\/?p=9865","title":{"rendered":"\u2018T*RMET\u2019 brenda Partise Demokratike! Largohet me URGJENCE kreu i deges\u2026"},"content":{"rendered":"<p>Teksa data p\u00ebr zgjedhjen e liderit t\u00eb ri t\u00eb Partis\u00eb Demokratike po afron, situata brenda partis\u00eb shfaqet e trazuar.<\/p>\n<p>Nj\u00eb tjet\u00ebr an\u00ebtar \u00ebsht\u00eb t\u00ebrhequr nga radh\u00ebt e Partis\u00eb e shkak p\u00ebr k\u00ebt\u00eb m\u00ebsohet se jan\u00eb b\u00ebr\u00eb proceset zgjedhore dhe organizative n\u00eb k\u00ebt\u00eb deg\u00eb.<\/p>\n<p>Referuar nj\u00eb mesazhi t\u00eb shp\u00ebrndar\u00eb gjer\u00ebsisht n\u00eb rrjet, i fundit q\u00eb \u00ebsht\u00eb larguar nga partia n\u00eb fjal\u00eb m\u00ebsohet se \u00ebsht\u00eb kryetari i deg\u00ebs s\u00eb PD Fier, Rrapi Gjika, i cili ka shfaqur zhg\u00ebnjimin e tij p\u00ebrzgjedhjen e drejtuesve t\u00eb grupit t\u00eb pun\u00ebs p\u00ebr proceset zgjedhore dhe organizative n\u00eb k\u00ebt\u00eb deg\u00eb.<\/p>\n<p>N\u00eb mesazhin e tij Gjika thekson se n\u00eb krye t\u00eb k\u00ebtij grupi \u00ebsht\u00eb em\u00ebruar Ardian Ferro, i cili, sipas tij, ka qen\u00eb prej shum\u00eb koh\u00ebsh ka kund\u00ebrshtuar Rithemelimin.<\/p>\n<p>M\u00eb tej Gjika thekson se ai nuk u pyet n\u00eb lidhje me ndryshimin e b\u00ebr\u00eb duke shtuar se n\u00eb drejtimin e deg\u00ebs po vendosen persona q\u00eb kan\u00eb qen\u00eb kund\u00ebr rithemelimit dhe kund\u00ebr Sali Berish\u00ebs.<\/p>\n<p>Teksa e cil\u00ebson k\u00ebt\u00eb vendim si \u201cturp q\u00eb bie er\u00eb\u201d, Gjika shprehet se k\u00ebto jan\u00eb pjes\u00eb e pazareve t\u00eb gatuara nga pazarexhinj q\u00eb merren me pun\u00eb t\u00eb pista.<\/p>\n<p>Nd\u00ebrkoh\u00eb, dit\u00ebn e sotme n\u00eb bised\u00ebn e zhvilluar me qytetar\u00ebt, Berisha u ndal te procesi i brendsh\u00ebm zgjedhor n\u00eb Partin\u00eb Demokratike p\u00ebr zgjedhjen e kryetarit, p\u00ebr t\u00eb cil\u00ebn tha se kryetari do t\u00eb caktohet me vot\u00ebn e demokrat\u00ebve.<\/p>\n<p>\u201cN\u00eb PD ka gar\u00eb n\u00eb t\u00eb cil\u00ebn jan\u00eb t\u00eb ftuar t\u00eb marrin pjes\u00eb t\u00eb gjith\u00eb, por ka nj\u00eb kusht, Edi Rama nuk do t\u00eb mund t\u00eb p\u00ebrcaktoj\u00eb kryetarin e k\u00ebsaj partie dhe \u00e7do demokrat \u00ebsht\u00eb i mir\u00ebpritur n\u00eb gar\u00eb dhe po b\u00ebhet shum\u00eb pun\u00eb p\u00ebr hap\u00ebsira p\u00ebr t\u00eb rinjt\u00eb, por kryetarin do ta caktojn\u00eb demokrat\u00ebt me vot\u00eb\u201d tha Berisha sot<\/p>\n","protected":false},"excerpt":{"rendered":"<p>Teksa data p\u00ebr zgjedhjen e liderit t\u00eb ri t\u00eb Partis\u00eb Demokratike po afron, situata brenda partis\u00eb shfaqet e trazuar. Nj\u00eb tjet\u00ebr an\u00ebtar \u00ebsht\u00eb t\u00ebrhequr nga radh\u00ebt e Partis\u00eb e shkak p\u00ebr k\u00ebt\u00eb m\u00ebsohet se jan\u00eb b\u00ebr\u00eb proceset zgjedhore dhe organizative n\u00eb k\u00ebt\u00eb deg\u00eb. Referuar nj\u00eb mesazhi t\u00eb shp\u00ebrndar\u00eb gjer\u00ebsisht n\u00eb rrjet, i fundit q\u00eb \u00ebsht\u00eb &#8230; <a title=\"\u2018T*RMET\u2019 brenda Partise Demokratike! Largohet me URGJENCE kreu i deges\u2026\" class=\"read-more\" href=\"https:\/\/factznews.xyz\/?p=9865\" aria-label=\"Read more about \u2018T*RMET\u2019 brenda Partise Demokratike! Largohet me URGJENCE kreu i deges\u2026\">Read more<\/a><\/p>\n","protected":false},"author":1,"featured_media":0,"comment_status":"open","ping_status":"open","sticky":false,"template":"","format":"standard","meta":{"footnotes":""},"categories":[5],"tags":[],"class_list":["post-9865","post","type-post","status-publish","format-standard","hentry","category-interesting"],"_links":{"self":[{"href":"https:\/\/factznews.xyz\/index.php?rest_route=\/wp\/v2\/posts\/9865","targetHints":{"allow":["GET"]}}],"collection":[{"href":"https:\/\/factznews.xyz\/index.php?rest_route=\/wp\/v2\/posts"}],"about":[{"href":"https:\/\/factznews.xyz\/index.php?rest_route=\/wp\/v2\/types\/post"}],"author":[{"embeddable":true,"href":"https:\/\/factznews.xyz\/index.php?rest_route=\/wp\/v2\/users\/1"}],"replies":[{"embeddable":true,"href":"https:\/\/factznews.xyz\/index.php?rest_route=%2Fwp%2Fv2%2Fcomments&post=9865"}],"version-history":[{"count":1,"href":"https:\/\/factznews.xyz\/index.php?rest_route=\/wp\/v2\/posts\/9865\/revisions"}],"predecessor-version":[{"id":9867,"href":"https:\/\/factznews.xyz\/index.php?rest_route=\/wp\/v2\/posts\/9865\/revisions\/9867"}],"wp:attachment":[{"href":"https:\/\/factznews.xyz\/index.php?rest_route=%2Fwp%2Fv2%2Fmedia&parent=9865"}],"wp:term":[{"taxonomy":"category","embeddable":true,"href":"https:\/\/factznews.xyz\/index.php?rest_route=%2Fwp%2Fv2%2Fcategories&post=9865"},{"taxonomy":"post_tag","embeddable":true,"href":"https:\/\/factznews.xyz\/index.php?rest_route=%2Fwp%2Fv2%2Ftags&post=9865"}],"curies":[{"name":"wp","href":"https:\/\/api.w.org\/{rel}","templated":true}]}}