{"id":9856,"date":"2026-04-25T23:31:22","date_gmt":"2026-04-25T15:31:22","guid":{"rendered":"https:\/\/factznews.xyz\/?p=9856"},"modified":"2026-04-25T23:31:22","modified_gmt":"2026-04-25T15:31:22","slug":"perseri-ngjarje-e-rende-po-ndodh-ne-familjen-e-liridona-ademajt-ata-kane-nje-lutje","status":"publish","type":"post","link":"https:\/\/factznews.xyz\/?p=9856","title":{"rendered":"Perseri ngjarje e rende po ndodh ne familjen e Liridona Ademajt, ata kane nje lutje"},"content":{"rendered":"<p>Leonard Ademaj, v\u00ebllai i Liridona Ademaj, i \u00ebsht\u00eb drejtuar me lutje mediave n\u00eb Shqip\u00ebri, q\u00eb t\u00eb mos i publikojn\u00eb videot nga provat e rastit, duke k\u00ebrkuar q\u00eb t\u2019i largojn\u00eb videot dhe t\u00eb mos i shfaqin n\u00eb televizione.<\/p>\n<p>Ai ka shtuar se, k\u00ebto prova kan\u00eb pasur q\u00ebllim q\u00eb t\u00eb t\u00eb d\u00ebshmojn\u00eb dhe t\u00eb v\u00ebrtetojn\u00eb vrasjen e Liridona Ademajt.<\/p>\n<p>Kjo eshte nje ngjarje e rende qe po i ndodh familjes Ademaj meqense shohin e lexojne cdo dite lajme per motren, nenen e tyre.<\/p>\n<p>Postimi:<\/p>\n<p>Lutje p\u00ebr mediat n\u00eb Shqip\u00ebri<\/p>\n<p>T\u00eb nderuar p\u00ebrfaq\u00ebsues dhe drejtues t\u00eb mediave n\u00eb Shqip\u00ebri,<\/p>\n<p>Ne, si familje, jemi informuar se kan\u00eb filluar t\u00eb qarkullojn\u00eb video nga provat e rastit t\u00eb diskutuara n\u00eb gjykat\u00eb.<\/p>\n<p>N\u00eb Kosov\u00eb kemi k\u00ebrkuar nga mediat q\u00eb prova t\u00eb tilla t\u00eb mos publikohen dhe kemi hasur n\u00eb nj\u00eb bashk\u00ebpunim shum\u00eb t\u00eb mir\u00eb.<\/p>\n<p>I lusim t\u00eb gjitha mediat, gazetar\u00ebt, komentuesit, bloger\u00ebt dhe influencer\u00ebt n\u00eb Shqip\u00ebri q\u00eb t\u2019i largojn\u00eb nga platformat e tyre k\u00ebto video dhe t\u00eb mos i shfaqin n\u00eb televizione.<\/p>\n<p>K\u00ebto prova kan\u00eb pasur vet\u00ebm nj\u00eb q\u00ebllim, t\u00eb d\u00ebshmojn\u00eb dhe t\u00eb v\u00ebrtetojn\u00eb vrasjen e motr\u00ebs son\u00eb. Ky q\u00ebllim tashm\u00eb \u00ebsht\u00eb arritur dhe qarkullimi i tyre e denigron figur\u00ebn e motr\u00ebs son\u00eb, krijon kujtime t\u00eb tmerrshme p\u00ebr f\u00ebmij\u00ebt e saj, t\u00eb cil\u00ebt n\u00ebn\u00ebn e tyre duhet ta kujtojn\u00eb ashtu si\u00e7 ishte n\u00eb jet\u00eb, dhe i sh\u00ebrben vet\u00ebm kureshtjes s\u00eb publikut, e jo interesit publik.<\/p>\n<p>Prandaj, ju lutemi shum\u00eb q\u00eb ta d\u00ebgjoni thirrjen ton\u00eb.<\/p>\n<p>Me respekt,<\/p>\n<p>Leonard Ademaj me familje<\/p>\n<p>Ndryshe, pak dit\u00eb m\u00eb par\u00eb, Gjykata Themelore n\u00eb Prishtin\u00eb ka d\u00ebnuar me burgim t\u00eb p\u00ebrjetsh\u00ebm Naim Murselin e Granit Plav\u00ebn p\u00ebr vrasjen e Liridona Ademajt. Kurse Kushtrim Kokalla d\u00ebnohet me 30 vite burg.<\/p>\n","protected":false},"excerpt":{"rendered":"<p>Leonard Ademaj, v\u00ebllai i Liridona Ademaj, i \u00ebsht\u00eb drejtuar me lutje mediave n\u00eb Shqip\u00ebri, q\u00eb t\u00eb mos i publikojn\u00eb videot nga provat e rastit, duke k\u00ebrkuar q\u00eb t\u2019i largojn\u00eb videot dhe t\u00eb mos i shfaqin n\u00eb televizione. Ai ka shtuar se, k\u00ebto prova kan\u00eb pasur q\u00ebllim q\u00eb t\u00eb t\u00eb d\u00ebshmojn\u00eb dhe t\u00eb v\u00ebrtetojn\u00eb vrasjen e &#8230; <a title=\"Perseri ngjarje e rende po ndodh ne familjen e Liridona Ademajt, ata kane nje lutje\" class=\"read-more\" href=\"https:\/\/factznews.xyz\/?p=9856\" aria-label=\"Read more about Perseri ngjarje e rende po ndodh ne familjen e Liridona Ademajt, ata kane nje lutje\">Read more<\/a><\/p>\n","protected":false},"author":1,"featured_media":8948,"comment_status":"open","ping_status":"open","sticky":false,"template":"","format":"standard","meta":{"footnotes":""},"categories":[5],"tags":[],"class_list":["post-9856","post","type-post","status-publish","format-standard","has-post-thumbnail","hentry","category-interesting"],"_links":{"self":[{"href":"https:\/\/factznews.xyz\/index.php?rest_route=\/wp\/v2\/posts\/9856","targetHints":{"allow":["GET"]}}],"collection":[{"href":"https:\/\/factznews.xyz\/index.php?rest_route=\/wp\/v2\/posts"}],"about":[{"href":"https:\/\/factznews.xyz\/index.php?rest_route=\/wp\/v2\/types\/post"}],"author":[{"embeddable":true,"href":"https:\/\/factznews.xyz\/index.php?rest_route=\/wp\/v2\/users\/1"}],"replies":[{"embeddable":true,"href":"https:\/\/factznews.xyz\/index.php?rest_route=%2Fwp%2Fv2%2Fcomments&post=9856"}],"version-history":[{"count":1,"href":"https:\/\/factznews.xyz\/index.php?rest_route=\/wp\/v2\/posts\/9856\/revisions"}],"predecessor-version":[{"id":9857,"href":"https:\/\/factznews.xyz\/index.php?rest_route=\/wp\/v2\/posts\/9856\/revisions\/9857"}],"wp:featuredmedia":[{"embeddable":true,"href":"https:\/\/factznews.xyz\/index.php?rest_route=\/wp\/v2\/media\/8948"}],"wp:attachment":[{"href":"https:\/\/factznews.xyz\/index.php?rest_route=%2Fwp%2Fv2%2Fmedia&parent=9856"}],"wp:term":[{"taxonomy":"category","embeddable":true,"href":"https:\/\/factznews.xyz\/index.php?rest_route=%2Fwp%2Fv2%2Fcategories&post=9856"},{"taxonomy":"post_tag","embeddable":true,"href":"https:\/\/factznews.xyz\/index.php?rest_route=%2Fwp%2Fv2%2Ftags&post=9856"}],"curies":[{"name":"wp","href":"https:\/\/api.w.org\/{rel}","templated":true}]}}