{"id":9854,"date":"2026-04-25T23:30:20","date_gmt":"2026-04-25T15:30:20","guid":{"rendered":"https:\/\/factznews.xyz\/?p=9854"},"modified":"2026-04-25T23:30:20","modified_gmt":"2026-04-25T15:30:20","slug":"pas-thirrjes-se-albinit-bedri-hamza-merr-vendim-shokues-per-presidentin","status":"publish","type":"post","link":"https:\/\/factznews.xyz\/?p=9854","title":{"rendered":"Pas thirrjes se Albinit, Bedri Hamza merr vendim shokues per presidentin"},"content":{"rendered":"<p>Partia Demokratike e Kosov\u00ebs ka refuzuar k\u00ebrkes\u00ebn e Vet\u00ebvendosjes p\u00ebr propozimin e tre kandidat\u00ebve p\u00ebr pozit\u00ebn e presidentit t\u00eb shtetit bashk\u00eb me Lidhjen Demokratike t\u00eb Kosov\u00ebs.<\/p>\n<p>Kryetari i k\u00ebtij subjekti, Bedri Hamza tha se k\u00ebrkesa e LVV-s\u00eb \u00ebsht\u00eb manov\u00ebr politike.<\/p>\n<p>\u201cKy \u00ebshte nj\u00eb nga propozimet e radh\u00ebs me q\u00ebllim vet\u00ebm t\u00eb gjej\u00eb fajtor\u00eb p\u00ebr t\u00eb adresuar moasaft\u00ebsin\u00eb e tij. Ka pasur koh\u00eb t\u00eb mjaftueshme p\u00ebr t\u00eb marr\u00eb veprimet e nevojshme jo p\u00ebr t\u00eb tentuar me oferta t\u00eb minutave t\u00eb fundit.<\/p>\n<p>Andaj n\u00eb PDK kjo \u00e7\u00ebshtje \u00ebsht\u00eb e mbyllur, \u00ebshte diskutuar gjer\u00eb e gjat\u00eb, \u00ebsht\u00eb b\u00ebr\u00eb publike q\u00eb p\u00ebrkund\u00ebr rolit konstruktiv nuk kemi pasur mir\u00ebkuptim nga zotri Kurti dhe Vet\u00ebvendosje.<\/p>\n<p>P\u00ebr PDK-n\u00eb kjo \u00e7\u00ebshtje \u00ebsht\u00eb e mbyllur. Nuk \u00ebsht\u00eb ofert\u00eb kjo. Aspak nuk \u00ebsht\u00eb serioze\u201d, ka shtuar Hamza.<\/p>\n","protected":false},"excerpt":{"rendered":"<p>Partia Demokratike e Kosov\u00ebs ka refuzuar k\u00ebrkes\u00ebn e Vet\u00ebvendosjes p\u00ebr propozimin e tre kandidat\u00ebve p\u00ebr pozit\u00ebn e presidentit t\u00eb shtetit bashk\u00eb me Lidhjen Demokratike t\u00eb Kosov\u00ebs. Kryetari i k\u00ebtij subjekti, Bedri Hamza tha se k\u00ebrkesa e LVV-s\u00eb \u00ebsht\u00eb manov\u00ebr politike. \u201cKy \u00ebshte nj\u00eb nga propozimet e radh\u00ebs me q\u00ebllim vet\u00ebm t\u00eb gjej\u00eb fajtor\u00eb p\u00ebr t\u00eb &#8230; <a title=\"Pas thirrjes se Albinit, Bedri Hamza merr vendim shokues per presidentin\" class=\"read-more\" href=\"https:\/\/factznews.xyz\/?p=9854\" aria-label=\"Read more about Pas thirrjes se Albinit, Bedri Hamza merr vendim shokues per presidentin\">Read more<\/a><\/p>\n","protected":false},"author":1,"featured_media":0,"comment_status":"open","ping_status":"open","sticky":false,"template":"","format":"standard","meta":{"footnotes":""},"categories":[5],"tags":[],"class_list":["post-9854","post","type-post","status-publish","format-standard","hentry","category-interesting"],"_links":{"self":[{"href":"https:\/\/factznews.xyz\/index.php?rest_route=\/wp\/v2\/posts\/9854","targetHints":{"allow":["GET"]}}],"collection":[{"href":"https:\/\/factznews.xyz\/index.php?rest_route=\/wp\/v2\/posts"}],"about":[{"href":"https:\/\/factznews.xyz\/index.php?rest_route=\/wp\/v2\/types\/post"}],"author":[{"embeddable":true,"href":"https:\/\/factznews.xyz\/index.php?rest_route=\/wp\/v2\/users\/1"}],"replies":[{"embeddable":true,"href":"https:\/\/factznews.xyz\/index.php?rest_route=%2Fwp%2Fv2%2Fcomments&post=9854"}],"version-history":[{"count":1,"href":"https:\/\/factznews.xyz\/index.php?rest_route=\/wp\/v2\/posts\/9854\/revisions"}],"predecessor-version":[{"id":9855,"href":"https:\/\/factznews.xyz\/index.php?rest_route=\/wp\/v2\/posts\/9854\/revisions\/9855"}],"wp:attachment":[{"href":"https:\/\/factznews.xyz\/index.php?rest_route=%2Fwp%2Fv2%2Fmedia&parent=9854"}],"wp:term":[{"taxonomy":"category","embeddable":true,"href":"https:\/\/factznews.xyz\/index.php?rest_route=%2Fwp%2Fv2%2Fcategories&post=9854"},{"taxonomy":"post_tag","embeddable":true,"href":"https:\/\/factznews.xyz\/index.php?rest_route=%2Fwp%2Fv2%2Ftags&post=9854"}],"curies":[{"name":"wp","href":"https:\/\/api.w.org\/{rel}","templated":true}]}}