{"id":9846,"date":"2026-04-25T23:23:21","date_gmt":"2026-04-25T15:23:21","guid":{"rendered":"https:\/\/factznews.xyz\/?p=9846"},"modified":"2026-04-25T23:23:21","modified_gmt":"2026-04-25T15:23:21","slug":"ja-shkojne-temperaturat-ja-si-mbyllet-muaji-prill","status":"publish","type":"post","link":"https:\/\/factznews.xyz\/?p=9846","title":{"rendered":"Ja shkojne temperaturat, ja si mbyllet muaji Prill"},"content":{"rendered":"<p>N\u00eb nj\u00eb lidhje live p\u00ebr Euronews Albania me Alba Xhani, meteorologu Hakil Osmani b\u00ebri parashikimin e motit, i cili tha se kjo fundjav\u00eb do t\u00eb jet\u00eb n\u00eb mbizot\u00ebrimin e motit t\u00eb q\u00ebndruesh\u00ebm dhe temperaturave t\u00eb larta.<\/p>\n<p>Meteorologut theksoi se temperaturat do t\u00eb arrijn\u00eb n\u00eb maksimum deri n\u00eb 24 grad\u00eb Celsius dhe se sipas tij muaji prill do t\u00eb mbyllet kryesisht me mot t\u00eb q\u00ebndruesh\u00ebm.<\/p>\n<p>\u201cKjo fundjav\u00eb ka sjell\u00eb p\u00ebrmir\u00ebsim t\u00eb duksh\u00ebm t\u00eb motit, duke b\u00ebr\u00eb q\u00eb i gjith\u00eb territori shqiptar t\u00eb jet\u00eb n\u00eb mbizot\u00ebrimin e motit t\u00eb q\u00ebndruesh\u00ebm, ku do t\u00eb ket\u00eb intervale t\u00eb gjata me diell. Intervale t\u00eb gjata me diell do t\u00eb jen\u00eb edhe n\u00eb vij\u00ebn bregdetare dhe n\u00eb zonat e ul\u00ebta.<\/p>\n<p>Nd\u00ebrsa gjat\u00eb pasditeve do t\u00eb kemi kalimin e vran\u00ebsirave, por q\u00eb nuk do t\u00eb sjellin mund\u00ebsi p\u00ebr reshje shiu. Vran\u00ebsirat m\u00eb t\u00eb fokusuara do t\u00eb jen\u00eb n\u00eb gjysm\u00ebn lindore t\u00eb territorit.<\/p>\n<p>Do t\u00eb kemi rritje t\u00eb temperaturave t\u00eb ajrit, duke b\u00ebr\u00eb q\u00eb dit\u00ebn e nes\u00ebrme maksimumet t\u00eb shkojn\u00eb pran\u00eb vler\u00ebs 24 grad\u00eb Celsius. Tirana, Berati, Shkodra dhe Gjirokastra do t\u00eb luhaten nga 22 deri n\u00eb 24 grad\u00eb Celsius.<\/p>\n<p>Do t\u00eb kemi nj\u00eb fundjav\u00eb me mot t\u00eb q\u00ebndruesh\u00ebm dhe temperatura t\u00eb larta. P\u00ebr sa i p\u00ebrket parametrit t\u00eb er\u00ebs, do t\u00eb jet\u00eb i favorsh\u00ebm gjat\u00eb k\u00ebsaj fundjave, pasi pritet t\u00eb jet\u00eb me shpejt\u00ebsi mesatare deri n\u00eb 40 km\/h. Dit\u00ebt e fundit t\u00eb muajit prill do t\u00eb kemi prezente her\u00eb pas here t\u00eb vran\u00ebsirave t\u00eb shpeshta, duke b\u00ebr\u00eb q\u00eb t\u00eb kemi edhe momente me reshje shiu.<\/p>\n<p>Muaji prill ka qen\u00eb nj\u00eb muaj q\u00eb ka pasur lag\u00ebshti m\u00eb normale krahasuar me vitet e kaluara, ku kemi pasur m\u00eb prezente vran\u00ebsira dhe reshje shiu\u201d, u shpreh meteorologu.<\/p>\n","protected":false},"excerpt":{"rendered":"<p>N\u00eb nj\u00eb lidhje live p\u00ebr Euronews Albania me Alba Xhani, meteorologu Hakil Osmani b\u00ebri parashikimin e motit, i cili tha se kjo fundjav\u00eb do t\u00eb jet\u00eb n\u00eb mbizot\u00ebrimin e motit t\u00eb q\u00ebndruesh\u00ebm dhe temperaturave t\u00eb larta. Meteorologut theksoi se temperaturat do t\u00eb arrijn\u00eb n\u00eb maksimum deri n\u00eb 24 grad\u00eb Celsius dhe se sipas tij muaji &#8230; <a title=\"Ja shkojne temperaturat, ja si mbyllet muaji Prill\" class=\"read-more\" href=\"https:\/\/factznews.xyz\/?p=9846\" aria-label=\"Read more about Ja shkojne temperaturat, ja si mbyllet muaji Prill\">Read more<\/a><\/p>\n","protected":false},"author":1,"featured_media":7598,"comment_status":"open","ping_status":"open","sticky":false,"template":"","format":"standard","meta":{"footnotes":""},"categories":[5],"tags":[],"class_list":["post-9846","post","type-post","status-publish","format-standard","has-post-thumbnail","hentry","category-interesting"],"_links":{"self":[{"href":"https:\/\/factznews.xyz\/index.php?rest_route=\/wp\/v2\/posts\/9846","targetHints":{"allow":["GET"]}}],"collection":[{"href":"https:\/\/factznews.xyz\/index.php?rest_route=\/wp\/v2\/posts"}],"about":[{"href":"https:\/\/factznews.xyz\/index.php?rest_route=\/wp\/v2\/types\/post"}],"author":[{"embeddable":true,"href":"https:\/\/factznews.xyz\/index.php?rest_route=\/wp\/v2\/users\/1"}],"replies":[{"embeddable":true,"href":"https:\/\/factznews.xyz\/index.php?rest_route=%2Fwp%2Fv2%2Fcomments&post=9846"}],"version-history":[{"count":1,"href":"https:\/\/factznews.xyz\/index.php?rest_route=\/wp\/v2\/posts\/9846\/revisions"}],"predecessor-version":[{"id":9847,"href":"https:\/\/factznews.xyz\/index.php?rest_route=\/wp\/v2\/posts\/9846\/revisions\/9847"}],"wp:featuredmedia":[{"embeddable":true,"href":"https:\/\/factznews.xyz\/index.php?rest_route=\/wp\/v2\/media\/7598"}],"wp:attachment":[{"href":"https:\/\/factznews.xyz\/index.php?rest_route=%2Fwp%2Fv2%2Fmedia&parent=9846"}],"wp:term":[{"taxonomy":"category","embeddable":true,"href":"https:\/\/factznews.xyz\/index.php?rest_route=%2Fwp%2Fv2%2Fcategories&post=9846"},{"taxonomy":"post_tag","embeddable":true,"href":"https:\/\/factznews.xyz\/index.php?rest_route=%2Fwp%2Fv2%2Ftags&post=9846"}],"curies":[{"name":"wp","href":"https:\/\/api.w.org\/{rel}","templated":true}]}}