{"id":9808,"date":"2026-04-25T07:39:41","date_gmt":"2026-04-24T23:39:41","guid":{"rendered":"https:\/\/factznews.xyz\/?p=9808"},"modified":"2026-04-25T07:39:41","modified_gmt":"2026-04-24T23:39:41","slug":"lajmi-i-fundit-jepet-njoftimi-urgjent-se-cfare-pritet-te-ndodhe-ne-tirane-me-8-maj","status":"publish","type":"post","link":"https:\/\/factznews.xyz\/?p=9808","title":{"rendered":"Lajmi i fundit, jepet njoftimi urgjent se cfare pritet te ndodhe ne Tirane me 8 maj!"},"content":{"rendered":"<p>Tirana pritet t\u00eb p\u00ebrballet me nj\u00eb mobilizim masiv m\u00eb 8 maj, pasi kreu i Partis\u00eb Demokratike, Sali Berisha, ka shpallur publikisht organizimin e nj\u00eb proteste t\u00eb madhe n\u00eb kryeqytet.<\/p>\n<p>N\u00eb nj\u00eb komunikim p\u00ebr mediat, Berisha paralajm\u00ebroi se kjo nuk do t\u00eb jet\u00eb nj\u00eb protest\u00eb e zakonshme, por nj\u00eb \u201ckryengritje paq\u00ebsore\u201d q\u00eb, sipas tij, synon t\u00eb bashkoj\u00eb qytetar\u00ebt kund\u00ebr qeveris\u00eb dhe kryeministrit Edi Rama.<\/p>\n<p>Sipas deklarat\u00ebs s\u00eb tij, m\u00eb 8 maj shqiptar\u00ebt do t\u00eb mbushin rrug\u00ebt dhe sheshet e Tiran\u00ebs n\u00eb at\u00eb q\u00eb ai e cil\u00ebsoi si reagimin m\u00eb t\u00eb fuqish\u00ebm qytetar t\u00eb viteve t\u00eb fundit. Ai akuzoi drejtp\u00ebrdrejt qeverin\u00eb p\u00ebr korrupsion dhe nd\u00ebrhyrje n\u00eb drejt\u00ebsi, duke p\u00ebrmendur edhe \u00e7\u00ebshtje konkrete q\u00eb, sipas tij, jan\u00eb penguar t\u00eb hetohen.<\/p>\n<p>Berisha theksoi se protesta vjen si reagim ndaj asaj q\u00eb ai e quan \u201cmbrojtje politike e aferave\u201d, duke p\u00ebrmendur rastin e z\u00ebvend\u00ebskryeministres Belinda Balluku dhe duke pretenduar se jan\u00eb bllokuar veprime ligjore p\u00ebr arsye politike.<\/p>\n<p>Autoritetet nuk kan\u00eb dh\u00ebn\u00eb ende nj\u00eb reagim zyrtar mbi k\u00ebt\u00eb thirrje, nd\u00ebrsa mbetet p\u00ebr t\u2019u par\u00eb niveli i pjes\u00ebmarrjes dhe m\u00ebnyra se si do t\u00eb menaxhohet situata n\u00eb terren.<\/p>\n<p>8 maji pritet t\u00eb jet\u00eb nj\u00eb dit\u00eb test p\u00ebr klim\u00ebn politike n\u00eb vend dhe p\u00ebr reagimin e qytetar\u00ebve n\u00eb nj\u00eb moment tensioni t\u00eb shtuar.<\/p>\n","protected":false},"excerpt":{"rendered":"<p>Tirana pritet t\u00eb p\u00ebrballet me nj\u00eb mobilizim masiv m\u00eb 8 maj, pasi kreu i Partis\u00eb Demokratike, Sali Berisha, ka shpallur publikisht organizimin e nj\u00eb proteste t\u00eb madhe n\u00eb kryeqytet. N\u00eb nj\u00eb komunikim p\u00ebr mediat, Berisha paralajm\u00ebroi se kjo nuk do t\u00eb jet\u00eb nj\u00eb protest\u00eb e zakonshme, por nj\u00eb \u201ckryengritje paq\u00ebsore\u201d q\u00eb, sipas tij, synon t\u00eb &#8230; <a title=\"Lajmi i fundit, jepet njoftimi urgjent se cfare pritet te ndodhe ne Tirane me 8 maj!\" class=\"read-more\" href=\"https:\/\/factznews.xyz\/?p=9808\" aria-label=\"Read more about Lajmi i fundit, jepet njoftimi urgjent se cfare pritet te ndodhe ne Tirane me 8 maj!\">Read more<\/a><\/p>\n","protected":false},"author":1,"featured_media":0,"comment_status":"open","ping_status":"open","sticky":false,"template":"","format":"standard","meta":{"footnotes":""},"categories":[5],"tags":[],"class_list":["post-9808","post","type-post","status-publish","format-standard","hentry","category-interesting"],"_links":{"self":[{"href":"https:\/\/factznews.xyz\/index.php?rest_route=\/wp\/v2\/posts\/9808","targetHints":{"allow":["GET"]}}],"collection":[{"href":"https:\/\/factznews.xyz\/index.php?rest_route=\/wp\/v2\/posts"}],"about":[{"href":"https:\/\/factznews.xyz\/index.php?rest_route=\/wp\/v2\/types\/post"}],"author":[{"embeddable":true,"href":"https:\/\/factznews.xyz\/index.php?rest_route=\/wp\/v2\/users\/1"}],"replies":[{"embeddable":true,"href":"https:\/\/factznews.xyz\/index.php?rest_route=%2Fwp%2Fv2%2Fcomments&post=9808"}],"version-history":[{"count":1,"href":"https:\/\/factznews.xyz\/index.php?rest_route=\/wp\/v2\/posts\/9808\/revisions"}],"predecessor-version":[{"id":9809,"href":"https:\/\/factznews.xyz\/index.php?rest_route=\/wp\/v2\/posts\/9808\/revisions\/9809"}],"wp:attachment":[{"href":"https:\/\/factznews.xyz\/index.php?rest_route=%2Fwp%2Fv2%2Fmedia&parent=9808"}],"wp:term":[{"taxonomy":"category","embeddable":true,"href":"https:\/\/factznews.xyz\/index.php?rest_route=%2Fwp%2Fv2%2Fcategories&post=9808"},{"taxonomy":"post_tag","embeddable":true,"href":"https:\/\/factznews.xyz\/index.php?rest_route=%2Fwp%2Fv2%2Ftags&post=9808"}],"curies":[{"name":"wp","href":"https:\/\/api.w.org\/{rel}","templated":true}]}}