{"id":9796,"date":"2026-04-25T07:19:47","date_gmt":"2026-04-24T23:19:47","guid":{"rendered":"https:\/\/factznews.xyz\/?p=9796"},"modified":"2026-04-25T07:19:47","modified_gmt":"2026-04-24T23:19:47","slug":"i-fundit-netanyahu-njofton-se-eshte-diagnostikuar-me-kancer-te-prostates","status":"publish","type":"post","link":"https:\/\/factznews.xyz\/?p=9796","title":{"rendered":"I fundit! Netanyahu njofton se \u00ebsht\u00eb diagnostikuar me kancer t\u00eb prostat\u00ebs"},"content":{"rendered":"<p>Kryeministri izraelit Benjamin Netanyahu njoftoi t\u00eb premten se \u00ebsht\u00eb diagnostikuar me kancer t\u00eb prostat\u00ebs.<\/p>\n<p>Netanyahu sqaroi se iu n\u00ebnshtrua nj\u00eb trajtimi q\u00eb e eliminoi problemin dhe nuk la asnj\u00eb shenj\u00eb t\u00eb tij.<\/p>\n<p>\u201cSot u publikua raporti im vjetor mjek\u00ebsor. K\u00ebrkova q\u00eb publikimi i tij t\u00eb shtyhet me dy muaj, n\u00eb m\u00ebnyr\u00eb q\u00eb t\u00eb mos publikohet n\u00eb kulmin e luft\u00ebs, n\u00eb m\u00ebnyr\u00eb q\u00eb t\u00eb mos lejohet regjimi terrorist iranian t\u00eb p\u00ebrhap\u00eb edhe m\u00eb shum\u00eb propagand\u00eb t\u00eb rreme kund\u00ebr Izraelit\u201d, tha ai n\u00eb nj\u00eb deklarat\u00eb.<\/p>\n<p>\u201cPata nj\u00eb problem t\u00eb vog\u00ebl mjek\u00ebsor me prostat\u00ebn q\u00eb u trajtua plot\u00ebsisht. Fal\u00eb Zotit, e kam l\u00ebn\u00eb pas\u201d, shtoi ai, duke v\u00ebn\u00eb n\u00eb dukje se \u00ebsht\u00eb i sh\u00ebndetsh\u00ebm dhe aktualisht n\u00eb \u201cgjendje t\u00eb shk\u00eblqyer fizike\u201d.<\/p>\n<p>Netanyahu tha se iu n\u00ebnshtrua me sukses nj\u00eb operacioni p\u00ebr nj\u00eb prostat\u00eb beninje t\u00eb zmadhuar nj\u00eb vit e gjysm\u00eb m\u00eb par\u00eb dhe gjat\u00eb monitorimit t\u00eb tij t\u00eb fundit mjek\u00ebsor, \u201cu zbulua nj\u00eb njoll\u00eb e vog\u00ebl m\u00eb pak se nj\u00eb centimet\u00ebr n\u00eb prostat\u00eb\u201d.<\/p>\n<p>\u201cPas ekzaminimit, rezultoi t\u00eb ishte nj\u00eb faz\u00eb shum\u00eb e hershme e nj\u00eb tumori malinj, pa asnj\u00eb p\u00ebrhapje apo metastaz\u00eb\u201d, tha Netanyahu.<\/p>\n","protected":false},"excerpt":{"rendered":"<p>Kryeministri izraelit Benjamin Netanyahu njoftoi t\u00eb premten se \u00ebsht\u00eb diagnostikuar me kancer t\u00eb prostat\u00ebs. Netanyahu sqaroi se iu n\u00ebnshtrua nj\u00eb trajtimi q\u00eb e eliminoi problemin dhe nuk la asnj\u00eb shenj\u00eb t\u00eb tij. \u201cSot u publikua raporti im vjetor mjek\u00ebsor. K\u00ebrkova q\u00eb publikimi i tij t\u00eb shtyhet me dy muaj, n\u00eb m\u00ebnyr\u00eb q\u00eb t\u00eb mos publikohet &#8230; <a title=\"I fundit! Netanyahu njofton se \u00ebsht\u00eb diagnostikuar me kancer t\u00eb prostat\u00ebs\" class=\"read-more\" href=\"https:\/\/factznews.xyz\/?p=9796\" aria-label=\"Read more about I fundit! Netanyahu njofton se \u00ebsht\u00eb diagnostikuar me kancer t\u00eb prostat\u00ebs\">Read more<\/a><\/p>\n","protected":false},"author":1,"featured_media":0,"comment_status":"open","ping_status":"open","sticky":false,"template":"","format":"standard","meta":{"footnotes":""},"categories":[5],"tags":[],"class_list":["post-9796","post","type-post","status-publish","format-standard","hentry","category-interesting"],"_links":{"self":[{"href":"https:\/\/factznews.xyz\/index.php?rest_route=\/wp\/v2\/posts\/9796","targetHints":{"allow":["GET"]}}],"collection":[{"href":"https:\/\/factznews.xyz\/index.php?rest_route=\/wp\/v2\/posts"}],"about":[{"href":"https:\/\/factznews.xyz\/index.php?rest_route=\/wp\/v2\/types\/post"}],"author":[{"embeddable":true,"href":"https:\/\/factznews.xyz\/index.php?rest_route=\/wp\/v2\/users\/1"}],"replies":[{"embeddable":true,"href":"https:\/\/factznews.xyz\/index.php?rest_route=%2Fwp%2Fv2%2Fcomments&post=9796"}],"version-history":[{"count":1,"href":"https:\/\/factznews.xyz\/index.php?rest_route=\/wp\/v2\/posts\/9796\/revisions"}],"predecessor-version":[{"id":9797,"href":"https:\/\/factznews.xyz\/index.php?rest_route=\/wp\/v2\/posts\/9796\/revisions\/9797"}],"wp:attachment":[{"href":"https:\/\/factznews.xyz\/index.php?rest_route=%2Fwp%2Fv2%2Fmedia&parent=9796"}],"wp:term":[{"taxonomy":"category","embeddable":true,"href":"https:\/\/factznews.xyz\/index.php?rest_route=%2Fwp%2Fv2%2Fcategories&post=9796"},{"taxonomy":"post_tag","embeddable":true,"href":"https:\/\/factznews.xyz\/index.php?rest_route=%2Fwp%2Fv2%2Ftags&post=9796"}],"curies":[{"name":"wp","href":"https:\/\/api.w.org\/{rel}","templated":true}]}}