{"id":9782,"date":"2026-04-24T23:57:22","date_gmt":"2026-04-24T15:57:22","guid":{"rendered":"https:\/\/factznews.xyz\/?p=9782"},"modified":"2026-04-24T23:57:22","modified_gmt":"2026-04-24T15:57:22","slug":"tragjike-nderron-jete-30-vjecari-shqiptar-ne-gjermani","status":"publish","type":"post","link":"https:\/\/factznews.xyz\/?p=9782","title":{"rendered":"TRAGJIKE\/ Nd\u00ebrron jet\u00eb 30-vje\u00e7ari shqiptar n\u00eb Gjermani!"},"content":{"rendered":"<p>Nj\u00eb ngjarje e r\u00ebnd\u00eb ka ndodhur n\u00eb Gjermani, ku nj\u00eb 30-vje\u00e7ar nga Kosova ka humbur jet\u00ebn.<\/p>\n<p>M\u00ebsohet se ai \u00ebsht\u00eb p\u00ebrfshir\u00eb n\u00eb nj\u00eb aksident dhe nuk ka arritur t\u2019u mbijetoj\u00eb l\u00ebndimeve t\u00eb r\u00ebnda.<\/p>\n<p>Lajmin p\u00ebr vdekjen e tij e ka konfirmuar edhe familja nga Prishtina, e cila ka shprehur dhimbje t\u00eb madhe p\u00ebr humbjen e t\u00eb dashurit t\u00eb tyre.<\/p>\n<p>N\u00eb nj\u00eb njoftim t\u00eb publikuar n\u00eb rrjete sociale, familjar\u00ebt kan\u00eb b\u00ebr\u00eb t\u00eb ditur se B.F. do t\u00eb kujtohet p\u00ebr mir\u00ebsin\u00eb dhe respektin ndaj t\u00eb gjith\u00ebve, nd\u00ebrsa detajet p\u00ebr ceremonin\u00eb mortore pritet t\u00eb b\u00ebhen t\u00eb ditura n\u00eb dit\u00ebt n\u00eb vijim.<\/p>\n<p>\u201cB.F. do t\u00eb kujtohet gjithmon\u00eb p\u00ebr zemr\u00ebn e tij t\u00eb madhe, mir\u00ebsin\u00eb dhe respektin ndaj t\u00eb gjith\u00ebve\u201d, thuhet n\u00eb postimin e publikuar n\u00eb Facebook.<\/p>\n","protected":false},"excerpt":{"rendered":"<p>Nj\u00eb ngjarje e r\u00ebnd\u00eb ka ndodhur n\u00eb Gjermani, ku nj\u00eb 30-vje\u00e7ar nga Kosova ka humbur jet\u00ebn. M\u00ebsohet se ai \u00ebsht\u00eb p\u00ebrfshir\u00eb n\u00eb nj\u00eb aksident dhe nuk ka arritur t\u2019u mbijetoj\u00eb l\u00ebndimeve t\u00eb r\u00ebnda. Lajmin p\u00ebr vdekjen e tij e ka konfirmuar edhe familja nga Prishtina, e cila ka shprehur dhimbje t\u00eb madhe p\u00ebr humbjen e &#8230; <a title=\"TRAGJIKE\/ Nd\u00ebrron jet\u00eb 30-vje\u00e7ari shqiptar n\u00eb Gjermani!\" class=\"read-more\" href=\"https:\/\/factznews.xyz\/?p=9782\" aria-label=\"Read more about TRAGJIKE\/ Nd\u00ebrron jet\u00eb 30-vje\u00e7ari shqiptar n\u00eb Gjermani!\">Read more<\/a><\/p>\n","protected":false},"author":1,"featured_media":9783,"comment_status":"open","ping_status":"open","sticky":false,"template":"","format":"standard","meta":{"footnotes":""},"categories":[5],"tags":[],"class_list":["post-9782","post","type-post","status-publish","format-standard","has-post-thumbnail","hentry","category-interesting"],"_links":{"self":[{"href":"https:\/\/factznews.xyz\/index.php?rest_route=\/wp\/v2\/posts\/9782","targetHints":{"allow":["GET"]}}],"collection":[{"href":"https:\/\/factznews.xyz\/index.php?rest_route=\/wp\/v2\/posts"}],"about":[{"href":"https:\/\/factznews.xyz\/index.php?rest_route=\/wp\/v2\/types\/post"}],"author":[{"embeddable":true,"href":"https:\/\/factznews.xyz\/index.php?rest_route=\/wp\/v2\/users\/1"}],"replies":[{"embeddable":true,"href":"https:\/\/factznews.xyz\/index.php?rest_route=%2Fwp%2Fv2%2Fcomments&post=9782"}],"version-history":[{"count":1,"href":"https:\/\/factznews.xyz\/index.php?rest_route=\/wp\/v2\/posts\/9782\/revisions"}],"predecessor-version":[{"id":9784,"href":"https:\/\/factznews.xyz\/index.php?rest_route=\/wp\/v2\/posts\/9782\/revisions\/9784"}],"wp:featuredmedia":[{"embeddable":true,"href":"https:\/\/factznews.xyz\/index.php?rest_route=\/wp\/v2\/media\/9783"}],"wp:attachment":[{"href":"https:\/\/factznews.xyz\/index.php?rest_route=%2Fwp%2Fv2%2Fmedia&parent=9782"}],"wp:term":[{"taxonomy":"category","embeddable":true,"href":"https:\/\/factznews.xyz\/index.php?rest_route=%2Fwp%2Fv2%2Fcategories&post=9782"},{"taxonomy":"post_tag","embeddable":true,"href":"https:\/\/factznews.xyz\/index.php?rest_route=%2Fwp%2Fv2%2Ftags&post=9782"}],"curies":[{"name":"wp","href":"https:\/\/api.w.org\/{rel}","templated":true}]}}