{"id":9765,"date":"2026-04-24T23:47:49","date_gmt":"2026-04-24T15:47:49","guid":{"rendered":"https:\/\/factznews.xyz\/?p=9765"},"modified":"2026-04-24T23:47:49","modified_gmt":"2026-04-24T15:47:49","slug":"do-te-jete-me-e-madhja-ndonjehere-sali-berisha-nuk-ndalet-zbulon-daten-e-protestes-se-radhes","status":"publish","type":"post","link":"https:\/\/factznews.xyz\/?p=9765","title":{"rendered":"\u201cDO T\u00cb JET\u00cb M\u00cb E MADHJA NDONJ\u00cbHER\u00cb!\u201d Sali Berisha nuk ndalet! Zbulon DAT\u00cbN e protest\u00ebs s\u00eb radh\u00ebs\u2026"},"content":{"rendered":"<h1>Kreu i PD Sali Berisha njofton protest\u00ebn e radh\u00ebs.<\/h1>\n<h1>N\u00eb nj\u00eb komunikim p\u00ebr mediat ai tha se m\u00eb 8 maj do organizohet kryengritja m\u00eb e fuqishme.<\/h1>\n<h1>\u201cN\u00eb dat\u00ebn 8 maj shqiptar\u00ebt do t\u00eb mblidhen n\u00eb rrug\u00ebt dhe sheshet e Tiran\u00ebs n\u00eb kryengritjen e tyre m\u00eb t\u00eb fuqishme paq\u00ebsore q\u00eb ka njohur vendi kund\u00ebr kreut t\u00eb organizat\u00ebs kriminale, kund\u00ebr Edi Ram\u00ebs dhe narkoministrave.<\/h1>\n<p>Ju jeni d\u00ebshmitar se pasi bllokoi arrestimin e Lubi Ballukut, p\u00ebr afera t\u00eb p\u00ebrbashk\u00ebta me Ram\u00ebn p\u00ebr t\u00eb cilat n\u00eb nj\u00eb vler\u00ebsim paraprak, prokurori p\u00ebrcaktoi 36 vite burg k\u00ebrkes\u00ebn e tij. Natyrisht nuk kishin m\u00eb pakt p\u00ebr Ram\u00ebn n\u00eb at\u00eb mes. Me mandatet e krimit bllokoi arrestimin e Ballukut p\u00ebr t\u00eb mbrojtur veten\u201d, tha Berisha.<\/p>\n","protected":false},"excerpt":{"rendered":"<p>Kreu i PD Sali Berisha njofton protest\u00ebn e radh\u00ebs. N\u00eb nj\u00eb komunikim p\u00ebr mediat ai tha se m\u00eb 8 maj do organizohet kryengritja m\u00eb e fuqishme. \u201cN\u00eb dat\u00ebn 8 maj shqiptar\u00ebt do t\u00eb mblidhen n\u00eb rrug\u00ebt dhe sheshet e Tiran\u00ebs n\u00eb kryengritjen e tyre m\u00eb t\u00eb fuqishme paq\u00ebsore q\u00eb ka njohur vendi kund\u00ebr kreut t\u00eb &#8230; <a title=\"\u201cDO T\u00cb JET\u00cb M\u00cb E MADHJA NDONJ\u00cbHER\u00cb!\u201d Sali Berisha nuk ndalet! Zbulon DAT\u00cbN e protest\u00ebs s\u00eb radh\u00ebs\u2026\" class=\"read-more\" href=\"https:\/\/factznews.xyz\/?p=9765\" aria-label=\"Read more about \u201cDO T\u00cb JET\u00cb M\u00cb E MADHJA NDONJ\u00cbHER\u00cb!\u201d Sali Berisha nuk ndalet! Zbulon DAT\u00cbN e protest\u00ebs s\u00eb radh\u00ebs\u2026\">Read more<\/a><\/p>\n","protected":false},"author":1,"featured_media":0,"comment_status":"open","ping_status":"open","sticky":false,"template":"","format":"standard","meta":{"footnotes":""},"categories":[5],"tags":[],"class_list":["post-9765","post","type-post","status-publish","format-standard","hentry","category-interesting"],"_links":{"self":[{"href":"https:\/\/factznews.xyz\/index.php?rest_route=\/wp\/v2\/posts\/9765","targetHints":{"allow":["GET"]}}],"collection":[{"href":"https:\/\/factznews.xyz\/index.php?rest_route=\/wp\/v2\/posts"}],"about":[{"href":"https:\/\/factznews.xyz\/index.php?rest_route=\/wp\/v2\/types\/post"}],"author":[{"embeddable":true,"href":"https:\/\/factznews.xyz\/index.php?rest_route=\/wp\/v2\/users\/1"}],"replies":[{"embeddable":true,"href":"https:\/\/factznews.xyz\/index.php?rest_route=%2Fwp%2Fv2%2Fcomments&post=9765"}],"version-history":[{"count":1,"href":"https:\/\/factznews.xyz\/index.php?rest_route=\/wp\/v2\/posts\/9765\/revisions"}],"predecessor-version":[{"id":9767,"href":"https:\/\/factznews.xyz\/index.php?rest_route=\/wp\/v2\/posts\/9765\/revisions\/9767"}],"wp:attachment":[{"href":"https:\/\/factznews.xyz\/index.php?rest_route=%2Fwp%2Fv2%2Fmedia&parent=9765"}],"wp:term":[{"taxonomy":"category","embeddable":true,"href":"https:\/\/factznews.xyz\/index.php?rest_route=%2Fwp%2Fv2%2Fcategories&post=9765"},{"taxonomy":"post_tag","embeddable":true,"href":"https:\/\/factznews.xyz\/index.php?rest_route=%2Fwp%2Fv2%2Ftags&post=9765"}],"curies":[{"name":"wp","href":"https:\/\/api.w.org\/{rel}","templated":true}]}}