{"id":9763,"date":"2026-04-24T22:02:08","date_gmt":"2026-04-24T14:02:08","guid":{"rendered":"https:\/\/factznews.xyz\/?p=9763"},"modified":"2026-04-24T22:02:08","modified_gmt":"2026-04-24T14:02:08","slug":"cfare-ndodhi-i-riu-paraqitet-ne-gjendje-te-rende-tek-trauma-eshte-qelluar-me-arme-zjarri","status":"publish","type":"post","link":"https:\/\/factznews.xyz\/?p=9763","title":{"rendered":"\u00c7far\u00eb ndodhi?! I riu paraqitet n\u00eb gjendje t\u00eb r\u00ebnd\u00eb tek Trauma, \u00ebsht\u00eb q\u00eblluar me arm\u00eb zjarri"},"content":{"rendered":"<p>Nj\u00eb plagosje me arm\u00eb zjarri \u00ebsht\u00eb regjistruar n\u00eb or\u00ebt e para t\u00eb m\u00ebngjesit t\u00eb k\u00ebsaj t\u00eb premteje n\u00eb zon\u00ebn e Kurbinit, duke shkaktuar shqet\u00ebsim tek banor\u00ebt e zon\u00ebs.<\/p>\n<p>Sipas raportimeve fillestare nga gazetarja Brixhilda Deda, i plagosur ka mbetur nj\u00eb 35-vje\u00e7ar i identifikuar si Akil Tahiri, i cili \u00ebsht\u00eb banues n\u00eb Fush\u00eb Kuqe.<\/p>\n<p>Ngjarja ka dal\u00eb n\u00eb drit\u00eb pasi vet\u00eb i plagosuri \u00ebsht\u00eb paraqitur p\u00ebr t\u00eb marr\u00eb ndihm\u00eb mjek\u00ebsore n\u00eb Spitalin e Traum\u00ebs n\u00eb Tiran\u00eb.<\/p>\n<p>Menj\u00ebher\u00eb pas njoftimit nga stafi mjek\u00ebsor, sh\u00ebrbimet e policis\u00eb jan\u00eb v\u00ebn\u00eb n\u00eb l\u00ebvizje dhe kan\u00eb mb\u00ebrritur n\u00eb vendin ku dyshohet se ka ndodhur incidenti.<\/p>\n<p>Aktualisht, grupi hetimor po kryen veprime intensive p\u00ebr t\u00eb zbardhur rrethanat e plota t\u00eb ngjarjes, si dhe p\u00ebr t\u00eb identifikuar dhe kapur autorin e dyshuar.<\/p>\n<p>Deri n\u00eb k\u00ebto momente, nuk ka ende informacion zyrtar mbi autorin apo motivet e k\u00ebsaj plagosjeje, nd\u00ebrsa hetimet vijojn\u00eb.<\/p>\n","protected":false},"excerpt":{"rendered":"<p>Nj\u00eb plagosje me arm\u00eb zjarri \u00ebsht\u00eb regjistruar n\u00eb or\u00ebt e para t\u00eb m\u00ebngjesit t\u00eb k\u00ebsaj t\u00eb premteje n\u00eb zon\u00ebn e Kurbinit, duke shkaktuar shqet\u00ebsim tek banor\u00ebt e zon\u00ebs. Sipas raportimeve fillestare nga gazetarja Brixhilda Deda, i plagosur ka mbetur nj\u00eb 35-vje\u00e7ar i identifikuar si Akil Tahiri, i cili \u00ebsht\u00eb banues n\u00eb Fush\u00eb Kuqe. Ngjarja ka &#8230; <a title=\"\u00c7far\u00eb ndodhi?! I riu paraqitet n\u00eb gjendje t\u00eb r\u00ebnd\u00eb tek Trauma, \u00ebsht\u00eb q\u00eblluar me arm\u00eb zjarri\" class=\"read-more\" href=\"https:\/\/factznews.xyz\/?p=9763\" aria-label=\"Read more about \u00c7far\u00eb ndodhi?! I riu paraqitet n\u00eb gjendje t\u00eb r\u00ebnd\u00eb tek Trauma, \u00ebsht\u00eb q\u00eblluar me arm\u00eb zjarri\">Read more<\/a><\/p>\n","protected":false},"author":1,"featured_media":0,"comment_status":"open","ping_status":"open","sticky":false,"template":"","format":"standard","meta":{"footnotes":""},"categories":[5],"tags":[],"class_list":["post-9763","post","type-post","status-publish","format-standard","hentry","category-interesting"],"_links":{"self":[{"href":"https:\/\/factznews.xyz\/index.php?rest_route=\/wp\/v2\/posts\/9763","targetHints":{"allow":["GET"]}}],"collection":[{"href":"https:\/\/factznews.xyz\/index.php?rest_route=\/wp\/v2\/posts"}],"about":[{"href":"https:\/\/factznews.xyz\/index.php?rest_route=\/wp\/v2\/types\/post"}],"author":[{"embeddable":true,"href":"https:\/\/factznews.xyz\/index.php?rest_route=\/wp\/v2\/users\/1"}],"replies":[{"embeddable":true,"href":"https:\/\/factznews.xyz\/index.php?rest_route=%2Fwp%2Fv2%2Fcomments&post=9763"}],"version-history":[{"count":1,"href":"https:\/\/factznews.xyz\/index.php?rest_route=\/wp\/v2\/posts\/9763\/revisions"}],"predecessor-version":[{"id":9764,"href":"https:\/\/factznews.xyz\/index.php?rest_route=\/wp\/v2\/posts\/9763\/revisions\/9764"}],"wp:attachment":[{"href":"https:\/\/factznews.xyz\/index.php?rest_route=%2Fwp%2Fv2%2Fmedia&parent=9763"}],"wp:term":[{"taxonomy":"category","embeddable":true,"href":"https:\/\/factznews.xyz\/index.php?rest_route=%2Fwp%2Fv2%2Fcategories&post=9763"},{"taxonomy":"post_tag","embeddable":true,"href":"https:\/\/factznews.xyz\/index.php?rest_route=%2Fwp%2Fv2%2Ftags&post=9763"}],"curies":[{"name":"wp","href":"https:\/\/api.w.org\/{rel}","templated":true}]}}