{"id":9743,"date":"2026-04-24T21:44:14","date_gmt":"2026-04-24T13:44:14","guid":{"rendered":"https:\/\/factznews.xyz\/?p=9743"},"modified":"2026-04-24T22:04:23","modified_gmt":"2026-04-24T14:04:23","slug":"e-fundit-berisha-njofton-protesten-e-radhes-te-opozites-qytetaret-do-mblidhen-ne-rruge-dhe-sheshet-e-tiranes","status":"publish","type":"post","link":"https:\/\/factznews.xyz\/?p=9743","title":{"rendered":"E fundit! Berisha njofton protest\u00ebn e radh\u00ebs t\u00eb opozit\u00ebs: Qytetar\u00ebt do mblidhen n\u00eb rrug\u00eb dhe sheshet e Tiran\u00ebs"},"content":{"rendered":"<p>Kryetari i Partis\u00eb Demokratike, Sali Berisha ka njoftuar se n\u00eb dat\u00ebn 8 maj do t\u00eb jet\u00eb protesta e radh\u00ebs e opozit\u00ebs.<\/p>\n<p>Berisha deklaroi se kjo \u00ebsht\u00eb nj\u00eb dit\u00eb e r\u00ebnd\u00ebsishme, ku shqiptar\u00ebt do t\u00eb mblidhen n\u00eb rrug\u00eb dhe sheshet e Tiran\u00ebs.<\/p>\n<p>Kjo do t\u00eb jet\u00eb nj\u00eb protest\u00eb e fuqishme dhe paq\u00ebsore, deklaroi Berisha.<\/p>\n<p>\u201cJam sot p\u00ebr t\u00eb informuar shqiptar\u00ebt se me dat\u00ebn 8 maj, nj\u00eb dit\u00eb e r\u00ebnd\u00ebsishme, shqiptar\u00ebt do t\u00eb mblidhen n\u00eb rrug\u00ebt dhe sheshet e Tiran\u00ebs n\u00eb kryengritjen e tyre m\u00eb t\u00eb fuqishme paq\u00ebsore q\u00eb ka njohur vendi kund\u00ebr kreut t\u00eb organizat\u00ebs kriminale dhe regjimit t\u00eb tij, qeveris\u00eb s\u00eb tij. Pra, kund\u00ebr Edi Ram\u00ebs dhe narkoministrave\u201d, tha kreu i PD.<\/p>\n","protected":false},"excerpt":{"rendered":"<p>Kryetari i Partis\u00eb Demokratike, Sali Berisha ka njoftuar se n\u00eb dat\u00ebn 8 maj do t\u00eb jet\u00eb protesta e radh\u00ebs e opozit\u00ebs. Berisha deklaroi se kjo \u00ebsht\u00eb nj\u00eb dit\u00eb e r\u00ebnd\u00ebsishme, ku shqiptar\u00ebt do t\u00eb mblidhen n\u00eb rrug\u00eb dhe sheshet e Tiran\u00ebs. Kjo do t\u00eb jet\u00eb nj\u00eb protest\u00eb e fuqishme dhe paq\u00ebsore, deklaroi Berisha. \u201cJam sot &#8230; <a title=\"E fundit! Berisha njofton protest\u00ebn e radh\u00ebs t\u00eb opozit\u00ebs: Qytetar\u00ebt do mblidhen n\u00eb rrug\u00eb dhe sheshet e Tiran\u00ebs\" class=\"read-more\" href=\"https:\/\/factznews.xyz\/?p=9743\" aria-label=\"Read more about E fundit! Berisha njofton protest\u00ebn e radh\u00ebs t\u00eb opozit\u00ebs: Qytetar\u00ebt do mblidhen n\u00eb rrug\u00eb dhe sheshet e Tiran\u00ebs\">Read more<\/a><\/p>\n","protected":false},"author":1,"featured_media":8953,"comment_status":"open","ping_status":"open","sticky":false,"template":"","format":"standard","meta":{"footnotes":""},"categories":[5],"tags":[],"class_list":["post-9743","post","type-post","status-publish","format-standard","has-post-thumbnail","hentry","category-interesting"],"_links":{"self":[{"href":"https:\/\/factznews.xyz\/index.php?rest_route=\/wp\/v2\/posts\/9743","targetHints":{"allow":["GET"]}}],"collection":[{"href":"https:\/\/factznews.xyz\/index.php?rest_route=\/wp\/v2\/posts"}],"about":[{"href":"https:\/\/factznews.xyz\/index.php?rest_route=\/wp\/v2\/types\/post"}],"author":[{"embeddable":true,"href":"https:\/\/factznews.xyz\/index.php?rest_route=\/wp\/v2\/users\/1"}],"replies":[{"embeddable":true,"href":"https:\/\/factznews.xyz\/index.php?rest_route=%2Fwp%2Fv2%2Fcomments&post=9743"}],"version-history":[{"count":1,"href":"https:\/\/factznews.xyz\/index.php?rest_route=\/wp\/v2\/posts\/9743\/revisions"}],"predecessor-version":[{"id":9745,"href":"https:\/\/factznews.xyz\/index.php?rest_route=\/wp\/v2\/posts\/9743\/revisions\/9745"}],"wp:featuredmedia":[{"embeddable":true,"href":"https:\/\/factznews.xyz\/index.php?rest_route=\/wp\/v2\/media\/8953"}],"wp:attachment":[{"href":"https:\/\/factznews.xyz\/index.php?rest_route=%2Fwp%2Fv2%2Fmedia&parent=9743"}],"wp:term":[{"taxonomy":"category","embeddable":true,"href":"https:\/\/factznews.xyz\/index.php?rest_route=%2Fwp%2Fv2%2Fcategories&post=9743"},{"taxonomy":"post_tag","embeddable":true,"href":"https:\/\/factznews.xyz\/index.php?rest_route=%2Fwp%2Fv2%2Ftags&post=9743"}],"curies":[{"name":"wp","href":"https:\/\/api.w.org\/{rel}","templated":true}]}}