{"id":9582,"date":"2026-04-23T03:08:54","date_gmt":"2026-04-22T19:08:54","guid":{"rendered":"https:\/\/factznews.xyz\/?p=9582"},"modified":"2026-04-23T03:08:54","modified_gmt":"2026-04-22T19:08:54","slug":"i-fundit-ndryshime-ne-policine-e-shtetit","status":"publish","type":"post","link":"https:\/\/factznews.xyz\/?p=9582","title":{"rendered":"I fundit! Ndryshime n\u00eb Policin\u00eb e Shtetit"},"content":{"rendered":"<p>Me firm\u00ebn e Drejtorit t\u00eb P\u00ebrgjithsh\u00ebm t\u00eb Policis\u00eb s\u00eb Shtetit Sk\u00ebnder Hita, jan\u00eb b\u00ebr\u00eb l\u00ebvizje n\u00eb disa prej drejtorive vendore n\u00eb t\u00eb gjith\u00eb vendin, duke prekur pozicione ky\u00e7e t\u00eb struktur\u00ebs drejtuese.<\/p>\n<p>Gazetarja Xhensila Kodra, b\u00ebjn\u00eb me dije se Besmir Dervishi \u00ebsht\u00eb larguar nga posti i z\u00ebvend\u00ebsdrejtorit t\u00eb Policis\u00eb s\u00eb Tiran\u00ebs dhe \u00ebsht\u00eb em\u00ebruar shef i hetimit t\u00eb krimeve n\u00eb Kuk\u00ebs.<\/p>\n<p>N\u00eb vend t\u00eb tij \u00ebsht\u00eb caktuar Oliger Torba, i cili m\u00eb her\u00ebt mbante detyr\u00ebn e zv\/drejtorit n\u00eb Fier.<\/p>\n<p>N\u00eb kuad\u00ebr t\u00eb k\u00ebtyre l\u00ebvizjeve, \u00ebsht\u00eb larguar edhe shefi i Komisariatit Nr. 2 n\u00eb Tiran\u00eb, Ermal K\u00ebna\u00e7i, i cili \u00ebsht\u00eb transferuar n\u00eb Kuk\u00ebs.<\/p>\n<p>Gjithashtu Gent Ndoj, i cili ishte Drejtor p\u00ebr Hetimit e Krimit Financiar n\u00eb Drejtorin\u00eb e P\u00ebrgjithshme \u00ebsht\u00eb transferuar n\u00eb Dib\u00ebr.<\/p>\n<p>Ndryshime jan\u00eb regjistruar edhe n\u00eb disa qarqe t\u00eb tjera, p\u00ebrfshir\u00eb Shkodr\u00ebn, Lezh\u00ebn dhe Fierin, ku jan\u00eb rikonfiguruar pozicionet e n\u00ebndrejtor\u00ebve t\u00eb drejtorive vendore.<\/p>\n<p>M\u00eb her\u00ebt kryepolici Hita ka em\u00ebruar Alban Dautajn n\u00eb krye t\u00eb Drejtoris\u00eb s\u00eb Operacionales, pas shkarkimi t\u00eb Melsi Ko\u00e7it.<\/p>\n<p>Kujtojm\u00eb se m\u00eb her\u00ebt Dautaj mbante detyr\u00ebn e drejtorit t\u00eb Antiterrorit, post t\u00eb cilin Hita ia ka em\u00ebruar Edmond Sul\u00ebs.<\/p>\n<p>Drejtori i P\u00ebrgjithsh\u00ebm i Policis\u00eb s\u00eb Shtetit, Sk\u00ebnder Hita, ka firmosur nj\u00eb tjet\u00ebr l\u00ebvizje n\u00eb strukturat drejtuese.<\/p>\n<p>Gazetarja Xhensila Kodra raporton se kryepolici Hita ka em\u00ebruar Alban Dautajn n\u00eb krye t\u00eb Drejtoris\u00eb s\u00eb Operacionales.<\/p>\n<p>Kujtojm\u00eb se m\u00eb her\u00ebt Dautaj mbante detyr\u00ebn e drejtorit t\u00eb Antiterrorit.<\/p>\n<p>Nd\u00ebrkoh\u00eb, nga posti i drejtorit t\u00eb Operacionales \u00ebsht\u00eb larguar Melsi Ko\u00e7i.<\/p>\n","protected":false},"excerpt":{"rendered":"<p>Me firm\u00ebn e Drejtorit t\u00eb P\u00ebrgjithsh\u00ebm t\u00eb Policis\u00eb s\u00eb Shtetit Sk\u00ebnder Hita, jan\u00eb b\u00ebr\u00eb l\u00ebvizje n\u00eb disa prej drejtorive vendore n\u00eb t\u00eb gjith\u00eb vendin, duke prekur pozicione ky\u00e7e t\u00eb struktur\u00ebs drejtuese. Gazetarja Xhensila Kodra, b\u00ebjn\u00eb me dije se Besmir Dervishi \u00ebsht\u00eb larguar nga posti i z\u00ebvend\u00ebsdrejtorit t\u00eb Policis\u00eb s\u00eb Tiran\u00ebs dhe \u00ebsht\u00eb em\u00ebruar shef i &#8230; <a title=\"I fundit! Ndryshime n\u00eb Policin\u00eb e Shtetit\" class=\"read-more\" href=\"https:\/\/factznews.xyz\/?p=9582\" aria-label=\"Read more about I fundit! Ndryshime n\u00eb Policin\u00eb e Shtetit\">Read more<\/a><\/p>\n","protected":false},"author":1,"featured_media":9583,"comment_status":"open","ping_status":"open","sticky":false,"template":"","format":"standard","meta":{"footnotes":""},"categories":[5],"tags":[],"class_list":["post-9582","post","type-post","status-publish","format-standard","has-post-thumbnail","hentry","category-interesting"],"_links":{"self":[{"href":"https:\/\/factznews.xyz\/index.php?rest_route=\/wp\/v2\/posts\/9582","targetHints":{"allow":["GET"]}}],"collection":[{"href":"https:\/\/factznews.xyz\/index.php?rest_route=\/wp\/v2\/posts"}],"about":[{"href":"https:\/\/factznews.xyz\/index.php?rest_route=\/wp\/v2\/types\/post"}],"author":[{"embeddable":true,"href":"https:\/\/factznews.xyz\/index.php?rest_route=\/wp\/v2\/users\/1"}],"replies":[{"embeddable":true,"href":"https:\/\/factznews.xyz\/index.php?rest_route=%2Fwp%2Fv2%2Fcomments&post=9582"}],"version-history":[{"count":1,"href":"https:\/\/factznews.xyz\/index.php?rest_route=\/wp\/v2\/posts\/9582\/revisions"}],"predecessor-version":[{"id":9584,"href":"https:\/\/factznews.xyz\/index.php?rest_route=\/wp\/v2\/posts\/9582\/revisions\/9584"}],"wp:featuredmedia":[{"embeddable":true,"href":"https:\/\/factznews.xyz\/index.php?rest_route=\/wp\/v2\/media\/9583"}],"wp:attachment":[{"href":"https:\/\/factznews.xyz\/index.php?rest_route=%2Fwp%2Fv2%2Fmedia&parent=9582"}],"wp:term":[{"taxonomy":"category","embeddable":true,"href":"https:\/\/factznews.xyz\/index.php?rest_route=%2Fwp%2Fv2%2Fcategories&post=9582"},{"taxonomy":"post_tag","embeddable":true,"href":"https:\/\/factznews.xyz\/index.php?rest_route=%2Fwp%2Fv2%2Ftags&post=9582"}],"curies":[{"name":"wp","href":"https:\/\/api.w.org\/{rel}","templated":true}]}}