{"id":9551,"date":"2026-04-22T19:37:07","date_gmt":"2026-04-22T11:37:07","guid":{"rendered":"https:\/\/factznews.xyz\/?p=9551"},"modified":"2026-04-22T19:37:07","modified_gmt":"2026-04-22T11:37:07","slug":"e-rende-ne-shkoder-humb-jeten-pak-ore-pas-lindjes-se-binjakeve-27-vjecarja","status":"publish","type":"post","link":"https:\/\/factznews.xyz\/?p=9551","title":{"rendered":"E R\u00cbND\u00cb n\u00eb Shkod\u00ebr\/ Humb jet\u00ebn pak or\u00eb pas lindjes s\u00eb binjak\u00ebve 27-vje\u00e7arja"},"content":{"rendered":"<p>nj\u00eb ngjarje e r\u00ebnd\u00eb ka tronditur qytetin e Shkod\u00ebr, ku nj\u00eb 27-vje\u00e7are shtetasja M.S ka humbur jet\u00ebn vet\u00ebm pak or\u00eb pasi ishte b\u00ebr\u00eb nj\u00eb apel urgjent p\u00ebr dhurim gjaku n\u00eb ndihm\u00eb t\u00eb saj.<\/p>\n<p>E reja kishte sjell\u00eb n\u00eb jet\u00eb binjak\u00eb, por gjendja e saj sh\u00ebndet\u00ebsore u p\u00ebrkeq\u00ebsua menj\u00ebher\u00eb pas lindjes, duke e b\u00ebr\u00eb t\u00eb domosdosh\u00ebm sigurimin urgjent t\u00eb gjakut t\u00eb grupit 0 negativ. Thirrja p\u00ebr ndihm\u00eb u p\u00ebrhap me shpejt\u00ebsi n\u00eb rrjetet sociale dhe n\u00eb media, duke mobilizuar dhjet\u00ebra qytetar\u00eb q\u00eb iu p\u00ebrgjigj\u00ebn menj\u00ebher\u00eb apelit p\u00ebr t\u00eb dhuruar gjak.<\/p>\n<p>Pavar\u00ebsisht p\u00ebrpjekjeve t\u00eb mjek\u00ebve dhe solidaritetit t\u00eb treguar nga qytetar\u00ebt, 27-vje\u00e7arja nuk arriti t\u2019i mbijetoj\u00eb gjendjes kritike.<\/p>\n<p>Kjo humbje ka prekur thell\u00eb opinionin publik, nd\u00ebrsa familja e saj po p\u00ebrballet me nj\u00eb dhimbje t\u00eb madhe.<\/p>\n","protected":false},"excerpt":{"rendered":"<p>nj\u00eb ngjarje e r\u00ebnd\u00eb ka tronditur qytetin e Shkod\u00ebr, ku nj\u00eb 27-vje\u00e7are shtetasja M.S ka humbur jet\u00ebn vet\u00ebm pak or\u00eb pasi ishte b\u00ebr\u00eb nj\u00eb apel urgjent p\u00ebr dhurim gjaku n\u00eb ndihm\u00eb t\u00eb saj. E reja kishte sjell\u00eb n\u00eb jet\u00eb binjak\u00eb, por gjendja e saj sh\u00ebndet\u00ebsore u p\u00ebrkeq\u00ebsua menj\u00ebher\u00eb pas lindjes, duke e b\u00ebr\u00eb t\u00eb domosdosh\u00ebm &#8230; <a title=\"E R\u00cbND\u00cb n\u00eb Shkod\u00ebr\/ Humb jet\u00ebn pak or\u00eb pas lindjes s\u00eb binjak\u00ebve 27-vje\u00e7arja\" class=\"read-more\" href=\"https:\/\/factznews.xyz\/?p=9551\" aria-label=\"Read more about E R\u00cbND\u00cb n\u00eb Shkod\u00ebr\/ Humb jet\u00ebn pak or\u00eb pas lindjes s\u00eb binjak\u00ebve 27-vje\u00e7arja\">Read more<\/a><\/p>\n","protected":false},"author":1,"featured_media":9552,"comment_status":"open","ping_status":"open","sticky":false,"template":"","format":"standard","meta":{"footnotes":""},"categories":[5],"tags":[],"class_list":["post-9551","post","type-post","status-publish","format-standard","has-post-thumbnail","hentry","category-interesting"],"_links":{"self":[{"href":"https:\/\/factznews.xyz\/index.php?rest_route=\/wp\/v2\/posts\/9551","targetHints":{"allow":["GET"]}}],"collection":[{"href":"https:\/\/factznews.xyz\/index.php?rest_route=\/wp\/v2\/posts"}],"about":[{"href":"https:\/\/factznews.xyz\/index.php?rest_route=\/wp\/v2\/types\/post"}],"author":[{"embeddable":true,"href":"https:\/\/factznews.xyz\/index.php?rest_route=\/wp\/v2\/users\/1"}],"replies":[{"embeddable":true,"href":"https:\/\/factznews.xyz\/index.php?rest_route=%2Fwp%2Fv2%2Fcomments&post=9551"}],"version-history":[{"count":1,"href":"https:\/\/factznews.xyz\/index.php?rest_route=\/wp\/v2\/posts\/9551\/revisions"}],"predecessor-version":[{"id":9553,"href":"https:\/\/factznews.xyz\/index.php?rest_route=\/wp\/v2\/posts\/9551\/revisions\/9553"}],"wp:featuredmedia":[{"embeddable":true,"href":"https:\/\/factznews.xyz\/index.php?rest_route=\/wp\/v2\/media\/9552"}],"wp:attachment":[{"href":"https:\/\/factznews.xyz\/index.php?rest_route=%2Fwp%2Fv2%2Fmedia&parent=9551"}],"wp:term":[{"taxonomy":"category","embeddable":true,"href":"https:\/\/factznews.xyz\/index.php?rest_route=%2Fwp%2Fv2%2Fcategories&post=9551"},{"taxonomy":"post_tag","embeddable":true,"href":"https:\/\/factznews.xyz\/index.php?rest_route=%2Fwp%2Fv2%2Ftags&post=9551"}],"curies":[{"name":"wp","href":"https:\/\/api.w.org\/{rel}","templated":true}]}}