{"id":9548,"date":"2026-04-22T19:36:03","date_gmt":"2026-04-22T11:36:03","guid":{"rendered":"https:\/\/factznews.xyz\/?p=9548"},"modified":"2026-04-22T19:36:03","modified_gmt":"2026-04-22T11:36:03","slug":"ish-kryeministri-pranon-lidhjen-me-ish-ministrin","status":"publish","type":"post","link":"https:\/\/factznews.xyz\/?p=9548","title":{"rendered":"Ish kryeministri pranon lidhjen me ish ministrin"},"content":{"rendered":"<p>Ish-kryeministri francez Gabriel Attal ka rr\u00ebfyer n\u00eb nj\u00eb emision televiziv lidhjen e tij t\u00eb dashuris\u00eb me ish-ministrin e qeveris\u00eb Macron, St\u00e9phane S\u00e9journ\u00e9. Si\u00e7 tha Attal n\u00eb emisionin Sept \u00e0 Huit, dashuria e tij p\u00ebr S\u00e9journ\u00e9, i cili aktualisht \u00ebsht\u00eb n\u00ebnkryetar ekzekutiv i Komisionit Evropian p\u00ebr industrin\u00eb, ishte shum\u00eb e shpejt\u00eb.<\/p>\n<p>Ata u takuan p\u00ebr her\u00eb t\u00eb par\u00eb n\u00eb vitin 2014, kur i pari ishte k\u00ebshilltar i Ministres s\u00eb \u00c7\u00ebshtjeve Sociale Marisol Touraine dhe i dyti ishte k\u00ebshilltar i Emmanuel Macron kur ky i fundit ishte Minist\u00ebr i Financave. \u201cIshte dashuri me shikim t\u00eb par\u00eb. Ishte nj\u00eb marr\u00ebdh\u00ebnie q\u00eb filloi kur t\u00eb dy ishim t\u00eb rinj dhe zgjati p\u00ebr disa vite. Ne evoluuam. Secili n\u00eb rrug\u00ebn e vet, por n\u00eb nj\u00eb bot\u00eb t\u00eb ngjashme\u201d, tha ish-kryeministri francez.<\/p>\n<p>\u201cJam i sigurt se ai \u00ebsht\u00eb dashuria e jet\u00ebs sime. Kaluam koh\u00eb t\u00eb v\u00ebshtira dhe disa ndarje\u201d, shtoi Attal, i cili ishte banori i par\u00eb i Pallatit \u00c9lys\u00e9e q\u00eb pranoi hapur se ishte homoseksual, duke shpjeguar se karrierat e tyre si politikan\u00eb n\u00eb vij\u00ebn e par\u00eb u mor\u00ebn shum\u00eb koh\u00eb n\u00eb jet\u00ebn e tyre, ve\u00e7an\u00ebrisht kur ai mori detyr\u00ebn si kryeminist\u00ebr. Nj\u00eb pik\u00eb ky\u00e7e p\u00ebr ribashkimin e tyre ishte shp\u00ebrb\u00ebrja e qeveris\u00eb Atal m\u00eb 9 qershor 2024, me t\u00eb dy burrat q\u00eb shfryt\u00ebzuan mund\u00ebsin\u00eb p\u00ebr t\u00eb qen\u00eb p\u00ebrs\u00ebri bashk\u00eb.<\/p>\n<p>\u201cNe nuk e humb\u00ebm kurr\u00eb kontaktin. Gjithmon\u00eb flisnim me nj\u00ebri-tjetrin sikur nuk donim ta besonim se ndarja jon\u00eb ishte p\u00ebrfundimtare. Ndihem shum\u00eb me fat\u201d, tha Attal, i cili gjithashtu rr\u00ebfeu d\u00ebshir\u00ebn e tij p\u00ebr t\u00eb pasur nj\u00eb f\u00ebmij\u00eb.<\/p>\n<p>\u201c\u00cbsht\u00eb e v\u00ebshtir\u00eb p\u00ebr \u00e7iftet meshkuj t\u00eb b\u00ebhen prind\u00ebr. Bir\u00ebsimi \u00ebsht\u00eb i mundur me ligj, por \u00ebsht\u00eb nj\u00eb proces i gjat\u00eb me nj\u00eb rezultat t\u00eb pasigurt\u201d, tha 37 vje\u00e7ari. Rr\u00ebfimi i ish-kryeministrit francez u b\u00eb si pjes\u00eb e promovimit t\u00eb librit t\u00eb tij En homme libre me synimin p\u00ebr zgjedhjet presidenciale franceze n\u00eb vitin 2027.<\/p>\n","protected":false},"excerpt":{"rendered":"<p>Ish-kryeministri francez Gabriel Attal ka rr\u00ebfyer n\u00eb nj\u00eb emision televiziv lidhjen e tij t\u00eb dashuris\u00eb me ish-ministrin e qeveris\u00eb Macron, St\u00e9phane S\u00e9journ\u00e9. Si\u00e7 tha Attal n\u00eb emisionin Sept \u00e0 Huit, dashuria e tij p\u00ebr S\u00e9journ\u00e9, i cili aktualisht \u00ebsht\u00eb n\u00ebnkryetar ekzekutiv i Komisionit Evropian p\u00ebr industrin\u00eb, ishte shum\u00eb e shpejt\u00eb. Ata u takuan p\u00ebr her\u00eb &#8230; <a title=\"Ish kryeministri pranon lidhjen me ish ministrin\" class=\"read-more\" href=\"https:\/\/factznews.xyz\/?p=9548\" aria-label=\"Read more about Ish kryeministri pranon lidhjen me ish ministrin\">Read more<\/a><\/p>\n","protected":false},"author":1,"featured_media":0,"comment_status":"open","ping_status":"open","sticky":false,"template":"","format":"standard","meta":{"footnotes":""},"categories":[5],"tags":[],"class_list":["post-9548","post","type-post","status-publish","format-standard","hentry","category-interesting"],"_links":{"self":[{"href":"https:\/\/factznews.xyz\/index.php?rest_route=\/wp\/v2\/posts\/9548","targetHints":{"allow":["GET"]}}],"collection":[{"href":"https:\/\/factznews.xyz\/index.php?rest_route=\/wp\/v2\/posts"}],"about":[{"href":"https:\/\/factznews.xyz\/index.php?rest_route=\/wp\/v2\/types\/post"}],"author":[{"embeddable":true,"href":"https:\/\/factznews.xyz\/index.php?rest_route=\/wp\/v2\/users\/1"}],"replies":[{"embeddable":true,"href":"https:\/\/factznews.xyz\/index.php?rest_route=%2Fwp%2Fv2%2Fcomments&post=9548"}],"version-history":[{"count":1,"href":"https:\/\/factznews.xyz\/index.php?rest_route=\/wp\/v2\/posts\/9548\/revisions"}],"predecessor-version":[{"id":9550,"href":"https:\/\/factznews.xyz\/index.php?rest_route=\/wp\/v2\/posts\/9548\/revisions\/9550"}],"wp:attachment":[{"href":"https:\/\/factznews.xyz\/index.php?rest_route=%2Fwp%2Fv2%2Fmedia&parent=9548"}],"wp:term":[{"taxonomy":"category","embeddable":true,"href":"https:\/\/factznews.xyz\/index.php?rest_route=%2Fwp%2Fv2%2Fcategories&post=9548"},{"taxonomy":"post_tag","embeddable":true,"href":"https:\/\/factznews.xyz\/index.php?rest_route=%2Fwp%2Fv2%2Ftags&post=9548"}],"curies":[{"name":"wp","href":"https:\/\/api.w.org\/{rel}","templated":true}]}}