{"id":9501,"date":"2026-04-22T07:28:58","date_gmt":"2026-04-21T23:28:58","guid":{"rendered":"https:\/\/factznews.xyz\/?p=9501"},"modified":"2026-04-22T07:28:58","modified_gmt":"2026-04-21T23:28:58","slug":"nje-person-i-v-dekur-dhe-nje-i-p-lagosur-rende-pas-te-shtenave-me-a-rme-ne-memaliaj","status":"publish","type":"post","link":"https:\/\/factznews.xyz\/?p=9501","title":{"rendered":"Nj\u00eb person i v dekur dhe nj\u00eb i p lagosur r\u00ebnd\u00eb pas t\u00eb sht\u00ebnave me a rm\u00eb n\u00eb Memaliaj"},"content":{"rendered":"<p>Nj\u00eb person ka humbur jet\u00ebn pas t\u00eb sht\u00ebnave me arm\u00eb zjarri n\u00eb Memaliaj.<\/p>\n<p>Deri m\u00eb tani \u00ebsht\u00eb identifikuar viktima, i cili quhet Endri Goxhaj. Nd\u00ebrkoh\u00eb i plagosur r\u00ebnd\u00eb \u00ebsht\u00eb Dario Nela.<\/p>\n<p>T\u00eb sht\u00ebnat me arm\u00eb ndodh\u00ebn pas nj\u00eb sherri mes disa personave n\u00eb qend\u00ebr t\u00eb qytetit.<\/p>\n<p>Ata fillimisht jan\u00eb konfliktuar fizikisht e m\u00eb pas gjendja ka agravuar deri n\u00eb p\u00ebrdorimin arm\u00ebve.\/Top Channel<\/p>\n<p>Detaje t\u00eb reja jan\u00eb zbuluar nga ngjarja e cila tronditi mbr\u00ebmjen e sotme Memaliajn.<\/p>\n<p>Deri m\u00eb tani raportohet nga gazetarja e Top Channel, Entjola Budo, se disa persona, t\u00eb ndar\u00eb n\u00eb dy grupe, jan\u00eb konfliktuar me nj\u00ebri-tjetrin.<\/p>\n<p>Sherri ka ndodhur fizikisht n\u00eb mes t\u00eb qytetit, i cili m\u00eb pas ka sjell\u00eb p\u00ebrdorimin e arm\u00ebve.<\/p>\n<p>Nj\u00eb person i identifikuar si Endri Goxhaj ka mbetur i vdekur, nd\u00ebrsa Dario Nela i plagosur n\u00eb gjendje t\u00eb r\u00ebnd\u00eb.\/Top Channel<\/p>\n","protected":false},"excerpt":{"rendered":"<p>Nj\u00eb person ka humbur jet\u00ebn pas t\u00eb sht\u00ebnave me arm\u00eb zjarri n\u00eb Memaliaj. Deri m\u00eb tani \u00ebsht\u00eb identifikuar viktima, i cili quhet Endri Goxhaj. Nd\u00ebrkoh\u00eb i plagosur r\u00ebnd\u00eb \u00ebsht\u00eb Dario Nela. T\u00eb sht\u00ebnat me arm\u00eb ndodh\u00ebn pas nj\u00eb sherri mes disa personave n\u00eb qend\u00ebr t\u00eb qytetit. Ata fillimisht jan\u00eb konfliktuar fizikisht e m\u00eb pas gjendja &#8230; <a title=\"Nj\u00eb person i v dekur dhe nj\u00eb i p lagosur r\u00ebnd\u00eb pas t\u00eb sht\u00ebnave me a rm\u00eb n\u00eb Memaliaj\" class=\"read-more\" href=\"https:\/\/factznews.xyz\/?p=9501\" aria-label=\"Read more about Nj\u00eb person i v dekur dhe nj\u00eb i p lagosur r\u00ebnd\u00eb pas t\u00eb sht\u00ebnave me a rm\u00eb n\u00eb Memaliaj\">Read more<\/a><\/p>\n","protected":false},"author":1,"featured_media":9502,"comment_status":"open","ping_status":"open","sticky":false,"template":"","format":"standard","meta":{"footnotes":""},"categories":[5],"tags":[],"class_list":["post-9501","post","type-post","status-publish","format-standard","has-post-thumbnail","hentry","category-interesting"],"_links":{"self":[{"href":"https:\/\/factznews.xyz\/index.php?rest_route=\/wp\/v2\/posts\/9501","targetHints":{"allow":["GET"]}}],"collection":[{"href":"https:\/\/factznews.xyz\/index.php?rest_route=\/wp\/v2\/posts"}],"about":[{"href":"https:\/\/factznews.xyz\/index.php?rest_route=\/wp\/v2\/types\/post"}],"author":[{"embeddable":true,"href":"https:\/\/factznews.xyz\/index.php?rest_route=\/wp\/v2\/users\/1"}],"replies":[{"embeddable":true,"href":"https:\/\/factznews.xyz\/index.php?rest_route=%2Fwp%2Fv2%2Fcomments&post=9501"}],"version-history":[{"count":1,"href":"https:\/\/factznews.xyz\/index.php?rest_route=\/wp\/v2\/posts\/9501\/revisions"}],"predecessor-version":[{"id":9503,"href":"https:\/\/factznews.xyz\/index.php?rest_route=\/wp\/v2\/posts\/9501\/revisions\/9503"}],"wp:featuredmedia":[{"embeddable":true,"href":"https:\/\/factznews.xyz\/index.php?rest_route=\/wp\/v2\/media\/9502"}],"wp:attachment":[{"href":"https:\/\/factznews.xyz\/index.php?rest_route=%2Fwp%2Fv2%2Fmedia&parent=9501"}],"wp:term":[{"taxonomy":"category","embeddable":true,"href":"https:\/\/factznews.xyz\/index.php?rest_route=%2Fwp%2Fv2%2Fcategories&post=9501"},{"taxonomy":"post_tag","embeddable":true,"href":"https:\/\/factznews.xyz\/index.php?rest_route=%2Fwp%2Fv2%2Ftags&post=9501"}],"curies":[{"name":"wp","href":"https:\/\/api.w.org\/{rel}","templated":true}]}}