{"id":9498,"date":"2026-04-22T07:03:24","date_gmt":"2026-04-21T23:03:24","guid":{"rendered":"https:\/\/factznews.xyz\/?p=9498"},"modified":"2026-04-22T07:03:24","modified_gmt":"2026-04-21T23:03:24","slug":"i-fundit-30-vjecari-qe-humbi-jeten","status":"publish","type":"post","link":"https:\/\/factznews.xyz\/?p=9498","title":{"rendered":"I fundit! 30-vje\u00e7ari qe humbi jeten"},"content":{"rendered":"<p>Ky q\u00eb shihni m\u00eb lart \u00ebsht\u00eb Endri Goxhaj, 30-vje\u00e7ari i cili u vra mbr\u00ebmjen e sotme me arm\u00eb zjarri.<\/p>\n<p>Sipas policis\u00eb, viktima \u00ebsht\u00eb q\u00eblluar me arm\u00eb nga 29-vje\u00e7ari me iniciale D. N., teksa i plagosur ka mbetur edhe v\u00ebllai i k\u00ebtij t\u00eb fundit, 25-vje\u00e7ari Dario Nela.<\/p>\n<p>\u201cRreth or\u00ebs 20:50, n\u00eb Memaliaj, dyshohet se pas nj\u00eb konflikti, shtetasi D. N., 29 vje\u00e7, ka q\u00eblluar me arm\u00eb zjarri shtetasin E. G., 30 vje\u00e7, i cili ka humbur jet\u00ebn rrug\u00ebs p\u00ebr n\u00eb spital.<\/p>\n<p>I plagosur, n\u00eb rrethana ende t\u00eb paqarta, ka mbetur edhe v\u00ebllai i autorit t\u00eb dyshuar, shtetasi D. N., 25 vje\u00e7, jasht\u00eb rrezikut p\u00ebr jet\u00ebn\u201d, njofton policia.<\/p>\n<p>Autori i dyshuar, pas ngjarjes, \u00ebsht\u00eb larguar me automjet, teksa sh\u00ebrbimet e Policis\u00eb jan\u00eb v\u00ebn\u00eb n\u00eb ndjekje t\u00eb tij.<\/p>\n<p>Nd\u00ebrkoh\u00eb, \u00ebsht\u00eb ngritur nj\u00eb grup i posa\u00e7\u00ebm hetimor, n\u00eb drejtimin e Prokuroris\u00eb, p\u00ebr sqarimin e rrethanave dhe dokumentimin ligjor t\u00eb ngjarjes<\/p>\n<p>Top Channel<\/p>\n","protected":false},"excerpt":{"rendered":"<p>Ky q\u00eb shihni m\u00eb lart \u00ebsht\u00eb Endri Goxhaj, 30-vje\u00e7ari i cili u vra mbr\u00ebmjen e sotme me arm\u00eb zjarri. Sipas policis\u00eb, viktima \u00ebsht\u00eb q\u00eblluar me arm\u00eb nga 29-vje\u00e7ari me iniciale D. N., teksa i plagosur ka mbetur edhe v\u00ebllai i k\u00ebtij t\u00eb fundit, 25-vje\u00e7ari Dario Nela. \u201cRreth or\u00ebs 20:50, n\u00eb Memaliaj, dyshohet se pas nj\u00eb &#8230; <a title=\"I fundit! 30-vje\u00e7ari qe humbi jeten\" class=\"read-more\" href=\"https:\/\/factznews.xyz\/?p=9498\" aria-label=\"Read more about I fundit! 30-vje\u00e7ari qe humbi jeten\">Read more<\/a><\/p>\n","protected":false},"author":1,"featured_media":9499,"comment_status":"open","ping_status":"open","sticky":false,"template":"","format":"standard","meta":{"footnotes":""},"categories":[5],"tags":[],"class_list":["post-9498","post","type-post","status-publish","format-standard","has-post-thumbnail","hentry","category-interesting"],"_links":{"self":[{"href":"https:\/\/factznews.xyz\/index.php?rest_route=\/wp\/v2\/posts\/9498","targetHints":{"allow":["GET"]}}],"collection":[{"href":"https:\/\/factznews.xyz\/index.php?rest_route=\/wp\/v2\/posts"}],"about":[{"href":"https:\/\/factznews.xyz\/index.php?rest_route=\/wp\/v2\/types\/post"}],"author":[{"embeddable":true,"href":"https:\/\/factznews.xyz\/index.php?rest_route=\/wp\/v2\/users\/1"}],"replies":[{"embeddable":true,"href":"https:\/\/factznews.xyz\/index.php?rest_route=%2Fwp%2Fv2%2Fcomments&post=9498"}],"version-history":[{"count":1,"href":"https:\/\/factznews.xyz\/index.php?rest_route=\/wp\/v2\/posts\/9498\/revisions"}],"predecessor-version":[{"id":9500,"href":"https:\/\/factznews.xyz\/index.php?rest_route=\/wp\/v2\/posts\/9498\/revisions\/9500"}],"wp:featuredmedia":[{"embeddable":true,"href":"https:\/\/factznews.xyz\/index.php?rest_route=\/wp\/v2\/media\/9499"}],"wp:attachment":[{"href":"https:\/\/factznews.xyz\/index.php?rest_route=%2Fwp%2Fv2%2Fmedia&parent=9498"}],"wp:term":[{"taxonomy":"category","embeddable":true,"href":"https:\/\/factznews.xyz\/index.php?rest_route=%2Fwp%2Fv2%2Fcategories&post=9498"},{"taxonomy":"post_tag","embeddable":true,"href":"https:\/\/factznews.xyz\/index.php?rest_route=%2Fwp%2Fv2%2Ftags&post=9498"}],"curies":[{"name":"wp","href":"https:\/\/api.w.org\/{rel}","templated":true}]}}