{"id":9484,"date":"2026-04-22T03:19:01","date_gmt":"2026-04-21T19:19:01","guid":{"rendered":"https:\/\/factznews.xyz\/?p=9484"},"modified":"2026-04-22T03:19:01","modified_gmt":"2026-04-21T19:19:01","slug":"lajmi-i-fundit-te-shtena-ne-vend","status":"publish","type":"post","link":"https:\/\/factznews.xyz\/?p=9484","title":{"rendered":"LAJMI I FUNDIT\/ T\u00eb sht\u00ebna n\u00eb vend,"},"content":{"rendered":"<p>MEMALIAJ \u2013 Mbr\u00ebmja e sotme \u00ebsht\u00eb kthyer n\u00eb nj\u00eb sken\u00eb t\u00eb v\u00ebrtet\u00eb krimi dhe paniku p\u00ebr qytetin e Memaliajt. T\u00eb sht\u00ebna t\u00eb shumta me arm\u00eb zjarri kan\u00eb tronditur zon\u00ebn e qendr\u00ebs, duke l\u00ebn\u00eb pas nj\u00eb bilanc tragjik dhe nj\u00eb situat\u00eb ende t\u00eb paqart\u00eb t\u00ebr\u00ebsisht.<\/p>\n<p>Nga t\u00eb dh\u00ebnat e deritanishme, raportohet p\u00ebr nj\u00eb p\u00ebrshkall\u00ebzim fatal t\u00eb nj\u00eb konflikti, i cili ka p\u00ebrfunduar me dyshimet e forta p\u00ebr dy persona t\u00eb vrar\u00eb.<\/p>\n<p>M\u00eb posht\u00eb \u00ebsht\u00eb pasqyra e plot\u00eb e informacionit t\u00eb siguruar deri n\u00eb k\u00ebto momente:<\/p>\n<p>Zanafilla e Ngjarjes: Sherr mes dy personave n\u00eb qend\u00ebr<br \/>\nSipas informacioneve t\u00eb raportuara nga gazetarja e Top Channel, Entjola Budo, zanafilla e k\u00ebsaj ngjarjeje t\u00eb r\u00ebnd\u00eb ka qen\u00eb nj\u00eb konflikt i ashp\u00ebr fizik dhe verbal.<\/p>\n<p>Vendndodhja: P\u00ebrplasja ka ndodhur drejtp\u00ebrdrejt n\u00eb qend\u00ebr t\u00eb qytetit t\u00eb Memaliajt, n\u00eb nj\u00eb orar kur l\u00ebvizja mund t\u00eb ket\u00eb qen\u00eb e pranishme, duke terrorizuar banor\u00ebt.<\/p>\n<p>T\u00eb p\u00ebrfshir\u00ebt n\u00eb konflikt: Sherri ka nisur mes nj\u00eb t\u00eb riu, 30-vje\u00e7arit t\u00eb identifikuar me inicialet D. N., dhe nj\u00eb shtetasi tjet\u00ebr q\u00eb mban inicialet E. G.<\/p>\n<p>P\u00ebrshkall\u00ebzimi: Debati mes pal\u00ebve ka dal\u00eb jasht\u00eb kontrollit n\u00eb nj\u00eb koh\u00eb shum\u00eb t\u00eb shkurt\u00ebr, duke b\u00ebr\u00eb q\u00eb t\u00eb nxirren arm\u00ebt e zjarrit dhe t\u00eb q\u00ebllohet n\u00eb drejtim t\u00eb nj\u00ebri-tjetrit.<\/p>\n<p>Bilanci Tragjik: Dyshohet p\u00ebr dy t\u00eb vrar\u00eb<br \/>\nP\u00ebrdorimi i arm\u00ebve t\u00eb zjarrit ka rezultuar fatal. Nga raportimet e para t\u00eb burimeve nga vendi i ngjarjes, bilanci \u00ebsht\u00eb tep\u00ebr i r\u00ebnd\u00eb:<\/p>\n<p>Viktima e par\u00eb: Si pasoj\u00eb e bresh\u00ebrive dyshohet se ka mbetur i vdekur n\u00eb vend shtetasi me iniciale E. G., i cili ishte njeri nga personat e p\u00ebrfshir\u00eb drejtp\u00ebrdrejt n\u00eb konfliktin fillestar me 30-vje\u00e7arin D. N.<\/p>\n<p>Viktima e dyt\u00eb: Gjithashtu, e konfirmuar si viktim\u00eb nga k\u00ebto t\u00eb sht\u00ebna \u00ebsht\u00eb edhe shtetasi Endri Shehu, 35 vje\u00e7. Mbetet ende p\u00ebr t\u2019u zbardhur nga grupi hetimor n\u00ebse 35-vje\u00e7ari ishte pjes\u00eb e konfliktit t\u00eb armatosur, apo n\u00ebse ishte i pranish\u00ebm rast\u00ebsisht n\u00eb momentin e shk\u00ebmbimit t\u00eb zjarrit n\u00eb qend\u00ebr t\u00eb qytetit.<\/p>\n<p>Situata Aktuale<br \/>\nNgjarja ka ngritur n\u00eb k\u00ebmb\u00eb t\u00eb gjith\u00eb qytetin dhe forcat e rendit. Zona e qendr\u00ebs s\u00eb Memaliajt pritet t\u00eb jet\u00eb aktualisht e rrethuar nga sh\u00ebrbimet e Policis\u00eb s\u00eb Shtetit, t\u00eb cilat po b\u00ebjn\u00eb sigurimin e perimetrit t\u00eb krimit p\u00ebr t\u00eb mos prishur provat e mbetura n\u00eb vendngjarje, p\u00ebrfshir\u00eb g\u00ebzhojat.<\/p>\n<p>Deri m\u00eb tani, k\u00ebto jan\u00eb detajet e vetme t\u00eb konfirmuara, nd\u00ebrkoh\u00eb q\u00eb pritet t\u00eb zbardhet i plot\u00eb mekanizmi se si ka ndodhur ngjarja dhe n\u00ebse ka persona t\u00eb tjer\u00eb t\u00eb p\u00ebrfshir\u00eb apo t\u00eb l\u00ebnduar nga ky konflikt i armatosur.<\/p>\n<p>(Lajm n\u00eb p\u00ebrdit\u00ebsim\u2026)<\/p>\n","protected":false},"excerpt":{"rendered":"<p>MEMALIAJ \u2013 Mbr\u00ebmja e sotme \u00ebsht\u00eb kthyer n\u00eb nj\u00eb sken\u00eb t\u00eb v\u00ebrtet\u00eb krimi dhe paniku p\u00ebr qytetin e Memaliajt. T\u00eb sht\u00ebna t\u00eb shumta me arm\u00eb zjarri kan\u00eb tronditur zon\u00ebn e qendr\u00ebs, duke l\u00ebn\u00eb pas nj\u00eb bilanc tragjik dhe nj\u00eb situat\u00eb ende t\u00eb paqart\u00eb t\u00ebr\u00ebsisht. Nga t\u00eb dh\u00ebnat e deritanishme, raportohet p\u00ebr nj\u00eb p\u00ebrshkall\u00ebzim fatal t\u00eb &#8230; <a title=\"LAJMI I FUNDIT\/ T\u00eb sht\u00ebna n\u00eb vend,\" class=\"read-more\" href=\"https:\/\/factznews.xyz\/?p=9484\" aria-label=\"Read more about LAJMI I FUNDIT\/ T\u00eb sht\u00ebna n\u00eb vend,\">Read more<\/a><\/p>\n","protected":false},"author":1,"featured_media":9485,"comment_status":"open","ping_status":"open","sticky":false,"template":"","format":"standard","meta":{"footnotes":""},"categories":[5],"tags":[],"class_list":["post-9484","post","type-post","status-publish","format-standard","has-post-thumbnail","hentry","category-interesting"],"_links":{"self":[{"href":"https:\/\/factznews.xyz\/index.php?rest_route=\/wp\/v2\/posts\/9484","targetHints":{"allow":["GET"]}}],"collection":[{"href":"https:\/\/factznews.xyz\/index.php?rest_route=\/wp\/v2\/posts"}],"about":[{"href":"https:\/\/factznews.xyz\/index.php?rest_route=\/wp\/v2\/types\/post"}],"author":[{"embeddable":true,"href":"https:\/\/factznews.xyz\/index.php?rest_route=\/wp\/v2\/users\/1"}],"replies":[{"embeddable":true,"href":"https:\/\/factznews.xyz\/index.php?rest_route=%2Fwp%2Fv2%2Fcomments&post=9484"}],"version-history":[{"count":1,"href":"https:\/\/factznews.xyz\/index.php?rest_route=\/wp\/v2\/posts\/9484\/revisions"}],"predecessor-version":[{"id":9486,"href":"https:\/\/factznews.xyz\/index.php?rest_route=\/wp\/v2\/posts\/9484\/revisions\/9486"}],"wp:featuredmedia":[{"embeddable":true,"href":"https:\/\/factznews.xyz\/index.php?rest_route=\/wp\/v2\/media\/9485"}],"wp:attachment":[{"href":"https:\/\/factznews.xyz\/index.php?rest_route=%2Fwp%2Fv2%2Fmedia&parent=9484"}],"wp:term":[{"taxonomy":"category","embeddable":true,"href":"https:\/\/factznews.xyz\/index.php?rest_route=%2Fwp%2Fv2%2Fcategories&post=9484"},{"taxonomy":"post_tag","embeddable":true,"href":"https:\/\/factznews.xyz\/index.php?rest_route=%2Fwp%2Fv2%2Ftags&post=9484"}],"curies":[{"name":"wp","href":"https:\/\/api.w.org\/{rel}","templated":true}]}}