{"id":9475,"date":"2026-04-22T01:01:37","date_gmt":"2026-04-21T17:01:37","guid":{"rendered":"https:\/\/factznews.xyz\/?p=9475"},"modified":"2026-04-22T01:01:37","modified_gmt":"2026-04-21T17:01:37","slug":"e-fundit-vrasja-tragjike-e-liridona-ademajt-ja-denimi-qe-dha-gjykata-per-naim-murselin-dhe-bashkepunetoret-e-tij","status":"publish","type":"post","link":"https:\/\/factznews.xyz\/?p=9475","title":{"rendered":"E FUNDIT\/ Vrasja tragjike e Liridona Ademajt, ja d\u00ebnimi q\u00eb dha Gjykata p\u00ebr Naim Murselin dhe bashk\u00ebpun\u00ebtor\u00ebt e tij"},"content":{"rendered":"<p>Gjykata Themelore n\u00eb Prishtin\u00eb ka shpallur vendimin p\u00ebr vrasjen e Liridona Ademajt, duke d\u00ebnuar bashk\u00ebshortin e t\u00eb ndjer\u00ebs, Naim Murselin me burg t\u00eb p\u00ebrjetsh\u00ebm. Me burg t\u00eb p\u00ebrjetsh\u00ebm \u00ebsht\u00eb d\u00ebnuar edhe Granit Plava, teksa Kushtrim Kokalla d\u00ebnohet me 30 vite burg.<\/p>\n<p>Mbr\u00ebmjen e 29 n\u00ebntorit t\u00eb 2023-\u00ebs, Liridona Ademaj u vra n\u00eb nj\u00eb rrug\u00eb n\u00eb fshatin B\u00ebrnic\u00eb t\u00eb Prishtin\u00ebs, teksa ishte n\u00eb makin\u00eb bashk\u00eb me bashk\u00ebshortin Naim Murselin dhe dy f\u00ebmij\u00ebt e tyre. Murseli u shpall fajtor me akuz\u00ebn se kishte planifikuar vrasjen e saj, me q\u00ebllim q\u00eb t\u00eb p\u00ebrfitonte nga sigurimi i saj jet\u00ebsor n\u00eb Suedi, n\u00eb vler\u00eb prej rreth 260 mij\u00eb eurosh.<\/p>\n<p>Kokalla akuzohet se e kishte njohur Murselin me Granit Plav\u00ebn, i cili akuzohet se ishte autori i vrasjes. Plava akuzohet se kishte vrar\u00eb Ademajn me arm\u00eb zjarri, duke e q\u00eblluar n\u00eb kok\u00eb, sipas ekspertit mjekoligjor, n\u00eb nj\u00eb larg\u00ebsi prej 2 deri n\u00eb 5 centimetra. Sipas Prokuroris\u00eb, ai kishte kryer vrasjen n\u00eb k\u00ebmbim t\u00eb 30 mij\u00eb eurove nga Murseli.<\/p>\n<p>Gjat\u00eb gjyqit, Kokalla ka deklaruar se marr\u00ebveshja me Murselin, p\u00ebr t\u00eb marr\u00eb p\u00ebrgjegj\u00ebsin\u00eb e vrasjes, ishte p\u00ebr 250 mij\u00eb euro, por q\u00eb t\u00eb mos p\u00ebrmendeshin shuma t\u00eb m\u00ebdha kishin r\u00ebn\u00eb dakord q\u00eb n\u00eb Polici t\u00eb p\u00ebrmendeshin vet\u00ebm 30 mij\u00eb euro. Nd\u00ebrkaq, prokurorja e rastit, Javorka P\u00ebrlin\u00e7evi\u00e7 ka deklaruar gjat\u00eb shqyrtimit gjyq\u00ebsor se Murseli e kishte mbajtur p\u00ebr krahu bashk\u00ebshorten e tij, q\u00eb t\u00eb mos i shp\u00ebtonte plumbit.<\/p>\n<p>\u201c\u2026Naimi, n\u00eb m\u00ebnyr\u00eb dinake, me dor\u00ebn e tij t\u00eb djatht\u00eb, e ka mbajtur Liridon\u00ebn p\u00ebr krahun e dor\u00ebs s\u00eb saj t\u00eb majt\u00eb, me q\u00ebllim q\u00eb ajo t\u00eb mos i shmangej plumbit, pas \u00e7ka, Naimi, me f\u00ebmij\u00ebt, ka dal\u00eb nga vetura, dhe \u00ebsht\u00eb larguar nga vendi i ngjarjes\u201d, ka th\u00ebn\u00eb prokurorja n\u00eb nisje t\u00eb procesit gjyq\u00ebsor, m\u00eb 31 janar 2025.<\/p>\n<p>Pistolet\u00ebn, me t\u00eb cil\u00ebn ishte kryer vrasja, Murseli akuzohet se e kishte bler\u00eb nga Tom Dodaj p\u00ebr 280 euro, n\u00eb dit\u00ebn e ngjarjes tragjike. Ky i fundit ka pranuar faj\u00ebsin\u00eb n\u00eb fillim t\u00eb procesit gjyq\u00ebsor, nd\u00ebrsa n\u00eb shkurt t\u00eb 2025-t\u00ebs u d\u00ebnua me pes\u00eb vjet burgim dhe pes\u00eb mij\u00eb euro gjob\u00eb p\u00ebr vepr\u00ebn penale \u201cImporti, eksporti, furnizimi, transportimi, prodhimi, k\u00ebmbimi, nd\u00ebrmjet\u00ebsimi ose shitja e paautorizuar e arm\u00ebve apo materieve plas\u00ebse\u201d.<\/p>\n<p>Pas rreth nj\u00eb viti, Gjykata e Apelit ia uli d\u00ebnimi Dodajt n\u00eb tre vjet burgim dhe 3 mij\u00eb euro gjob\u00eb, duke p\u00ebrmendur si faktor\u00eb pranimin e faj\u00ebsis\u00eb, k\u00ebrkimfaljen ndaj familjes s\u00eb viktim\u00ebs, dhe faktin q\u00eb \u201cnuk kishte qen\u00eb n\u00eb dijeni se p\u00ebr \u00e7far\u00eb do t\u00eb p\u00ebrdorej arma q\u00eb kishte shitur\u201d.<\/p>\n","protected":false},"excerpt":{"rendered":"<p>Gjykata Themelore n\u00eb Prishtin\u00eb ka shpallur vendimin p\u00ebr vrasjen e Liridona Ademajt, duke d\u00ebnuar bashk\u00ebshortin e t\u00eb ndjer\u00ebs, Naim Murselin me burg t\u00eb p\u00ebrjetsh\u00ebm. Me burg t\u00eb p\u00ebrjetsh\u00ebm \u00ebsht\u00eb d\u00ebnuar edhe Granit Plava, teksa Kushtrim Kokalla d\u00ebnohet me 30 vite burg. Mbr\u00ebmjen e 29 n\u00ebntorit t\u00eb 2023-\u00ebs, Liridona Ademaj u vra n\u00eb nj\u00eb rrug\u00eb n\u00eb &#8230; <a title=\"E FUNDIT\/ Vrasja tragjike e Liridona Ademajt, ja d\u00ebnimi q\u00eb dha Gjykata p\u00ebr Naim Murselin dhe bashk\u00ebpun\u00ebtor\u00ebt e tij\" class=\"read-more\" href=\"https:\/\/factznews.xyz\/?p=9475\" aria-label=\"Read more about E FUNDIT\/ Vrasja tragjike e Liridona Ademajt, ja d\u00ebnimi q\u00eb dha Gjykata p\u00ebr Naim Murselin dhe bashk\u00ebpun\u00ebtor\u00ebt e tij\">Read more<\/a><\/p>\n","protected":false},"author":1,"featured_media":9476,"comment_status":"open","ping_status":"open","sticky":false,"template":"","format":"standard","meta":{"footnotes":""},"categories":[5],"tags":[],"class_list":["post-9475","post","type-post","status-publish","format-standard","has-post-thumbnail","hentry","category-interesting"],"_links":{"self":[{"href":"https:\/\/factznews.xyz\/index.php?rest_route=\/wp\/v2\/posts\/9475","targetHints":{"allow":["GET"]}}],"collection":[{"href":"https:\/\/factznews.xyz\/index.php?rest_route=\/wp\/v2\/posts"}],"about":[{"href":"https:\/\/factznews.xyz\/index.php?rest_route=\/wp\/v2\/types\/post"}],"author":[{"embeddable":true,"href":"https:\/\/factznews.xyz\/index.php?rest_route=\/wp\/v2\/users\/1"}],"replies":[{"embeddable":true,"href":"https:\/\/factznews.xyz\/index.php?rest_route=%2Fwp%2Fv2%2Fcomments&post=9475"}],"version-history":[{"count":1,"href":"https:\/\/factznews.xyz\/index.php?rest_route=\/wp\/v2\/posts\/9475\/revisions"}],"predecessor-version":[{"id":9477,"href":"https:\/\/factznews.xyz\/index.php?rest_route=\/wp\/v2\/posts\/9475\/revisions\/9477"}],"wp:featuredmedia":[{"embeddable":true,"href":"https:\/\/factznews.xyz\/index.php?rest_route=\/wp\/v2\/media\/9476"}],"wp:attachment":[{"href":"https:\/\/factznews.xyz\/index.php?rest_route=%2Fwp%2Fv2%2Fmedia&parent=9475"}],"wp:term":[{"taxonomy":"category","embeddable":true,"href":"https:\/\/factznews.xyz\/index.php?rest_route=%2Fwp%2Fv2%2Fcategories&post=9475"},{"taxonomy":"post_tag","embeddable":true,"href":"https:\/\/factznews.xyz\/index.php?rest_route=%2Fwp%2Fv2%2Ftags&post=9475"}],"curies":[{"name":"wp","href":"https:\/\/api.w.org\/{rel}","templated":true}]}}