{"id":9466,"date":"2026-04-22T00:02:56","date_gmt":"2026-04-21T16:02:56","guid":{"rendered":"https:\/\/factznews.xyz\/?p=9466"},"modified":"2026-04-22T00:02:56","modified_gmt":"2026-04-21T16:02:56","slug":"moment-historik-gjykata-e-larte-vendos-perfundimisht-per-erion-veliajn","status":"publish","type":"post","link":"https:\/\/factznews.xyz\/?p=9466","title":{"rendered":"Moment historik! Gjykata e Lart\u00eb vendos p\u00ebrfundimisht p\u00ebr Erion Veliajn"},"content":{"rendered":"<h2>Gjykata e Lart\u00eb ka rr\u00ebzuar rekursin e kryebashkiakut t\u00eb Tiran\u00ebs, Erion Veliaj.<\/h2>\n<h2>Burime b\u00ebjn\u00eb me dije se u rr\u00ebzua rekursi p\u00ebrmes s\u00eb cilit Veliaj k\u00ebrkoi prishjen e vendimit t\u00eb Apelit t\u00eb Posa\u00e7\u00ebm n\u00eb lidhje me rr\u00ebzimin e k\u00ebrkes\u00ebs s\u00eb b\u00ebr\u00eb m\u00eb p\u00ebrpara nga ai p\u00ebr pavlefshm\u00ebri t\u00eb veprimeve hetimore t\u00eb SPAK.<\/h2>\n<p>Nd\u00ebrsa m\u00ebsohet se ky vendim u mor n\u00eb dhom\u00eb k\u00ebshillimi nga kolegji penal i p\u00ebrb\u00ebr\u00eb: Albana Boksi, Sokol Binaj dhe Genti Shala.<\/p>\n<p>Kujtojm\u00eb se ndaj Veliajt r\u00ebndojn\u00eb akuzat p\u00ebr veprat penale si:<br \/>\n-Korrupsion pasiv i funksionar\u00ebve t\u00eb lart\u00eb shtet\u00ebrore ose i t\u00eb zgjedhurve vendor\u00eb;<\/p>\n<p>-Korrupsion aktiv i funksionar\u00ebve t\u00eb lart\u00eb shtet\u00ebror\u00eb ose t\u00eb zgjedhurve vendor\u00eb;<\/p>\n<p>-Pastrimi i produkteve t\u00eb vepr\u00ebs penale ose veprimtaris\u00eb kriminale;<\/p>\n<p>-Refuzim p\u00ebr deklarim, mosdeklarim, fshehja ose deklarimi i rrem\u00eb i pasurive, interesave privat\u00eb t\u00eb -personave t\u00eb zgjedhur dhe n\u00ebpun\u00ebsve publik\u00eb, ose i \u00e7do personi tjet\u00ebr q\u00eb ka detyrim ligjor p\u00ebr deklarim.<\/p>\n","protected":false},"excerpt":{"rendered":"<p>Gjykata e Lart\u00eb ka rr\u00ebzuar rekursin e kryebashkiakut t\u00eb Tiran\u00ebs, Erion Veliaj. Burime b\u00ebjn\u00eb me dije se u rr\u00ebzua rekursi p\u00ebrmes s\u00eb cilit Veliaj k\u00ebrkoi prishjen e vendimit t\u00eb Apelit t\u00eb Posa\u00e7\u00ebm n\u00eb lidhje me rr\u00ebzimin e k\u00ebrkes\u00ebs s\u00eb b\u00ebr\u00eb m\u00eb p\u00ebrpara nga ai p\u00ebr pavlefshm\u00ebri t\u00eb veprimeve hetimore t\u00eb SPAK. Nd\u00ebrsa m\u00ebsohet se ky &#8230; <a title=\"Moment historik! Gjykata e Lart\u00eb vendos p\u00ebrfundimisht p\u00ebr Erion Veliajn\" class=\"read-more\" href=\"https:\/\/factznews.xyz\/?p=9466\" aria-label=\"Read more about Moment historik! Gjykata e Lart\u00eb vendos p\u00ebrfundimisht p\u00ebr Erion Veliajn\">Read more<\/a><\/p>\n","protected":false},"author":1,"featured_media":9467,"comment_status":"open","ping_status":"open","sticky":false,"template":"","format":"standard","meta":{"footnotes":""},"categories":[5],"tags":[],"class_list":["post-9466","post","type-post","status-publish","format-standard","has-post-thumbnail","hentry","category-interesting"],"_links":{"self":[{"href":"https:\/\/factznews.xyz\/index.php?rest_route=\/wp\/v2\/posts\/9466","targetHints":{"allow":["GET"]}}],"collection":[{"href":"https:\/\/factznews.xyz\/index.php?rest_route=\/wp\/v2\/posts"}],"about":[{"href":"https:\/\/factznews.xyz\/index.php?rest_route=\/wp\/v2\/types\/post"}],"author":[{"embeddable":true,"href":"https:\/\/factznews.xyz\/index.php?rest_route=\/wp\/v2\/users\/1"}],"replies":[{"embeddable":true,"href":"https:\/\/factznews.xyz\/index.php?rest_route=%2Fwp%2Fv2%2Fcomments&post=9466"}],"version-history":[{"count":1,"href":"https:\/\/factznews.xyz\/index.php?rest_route=\/wp\/v2\/posts\/9466\/revisions"}],"predecessor-version":[{"id":9468,"href":"https:\/\/factznews.xyz\/index.php?rest_route=\/wp\/v2\/posts\/9466\/revisions\/9468"}],"wp:featuredmedia":[{"embeddable":true,"href":"https:\/\/factznews.xyz\/index.php?rest_route=\/wp\/v2\/media\/9467"}],"wp:attachment":[{"href":"https:\/\/factznews.xyz\/index.php?rest_route=%2Fwp%2Fv2%2Fmedia&parent=9466"}],"wp:term":[{"taxonomy":"category","embeddable":true,"href":"https:\/\/factznews.xyz\/index.php?rest_route=%2Fwp%2Fv2%2Fcategories&post=9466"},{"taxonomy":"post_tag","embeddable":true,"href":"https:\/\/factznews.xyz\/index.php?rest_route=%2Fwp%2Fv2%2Ftags&post=9466"}],"curies":[{"name":"wp","href":"https:\/\/api.w.org\/{rel}","templated":true}]}}