{"id":9390,"date":"2026-04-21T22:05:55","date_gmt":"2026-04-21T14:05:55","guid":{"rendered":"https:\/\/factznews.xyz\/?p=9390"},"modified":"2026-04-21T22:06:04","modified_gmt":"2026-04-21T14:06:04","slug":"vrsja-e-liridona-ademajt-ne-kosove-denohet-me-b-urg-perjete-naim-murseli-dhe-granit-plava-ja-sa-vite-do-te-beje-kushtrim-kokalla","status":"publish","type":"post","link":"https:\/\/factznews.xyz\/?p=9390","title":{"rendered":"Vr*sja e Liridona Ademajt n\u00eb Kosov\u00eb, d\u00ebnohet me b urg p\u00ebrjet\u00eb Naim Murseli dhe Granit Plava! Ja sa vite do t\u00eb b\u00ebj\u00eb Kushtrim Kokalla"},"content":{"rendered":"<p>Gjykata Themelore n\u00eb Prishtin\u00eb ka d\u00ebnuar me burgim t\u00eb p\u00ebrjetsh\u00ebm Naim Murselin dhe Granit Plav\u00ebn p\u00ebr vrasjen e Liridona Ademajt. Nd\u00ebrsa Kushtrim Kokalla u d\u00ebnua me 30 vite burgim, b\u00ebjn\u00eb me dije mediat n\u00eb Kosov\u00eb.<\/p>\n<p>Aktgjykimi u shpall nga gjykata n\u00eb nj\u00eb seanc\u00eb publike. Prokuroria kishte k\u00ebrkuar burgim p\u00ebrjet\u00eb p\u00ebr t\u00eb tre t\u00eb p\u00ebrfshir\u00ebt, duke theksuar se vrasja e n\u00ebn\u00ebs s\u00eb dy f\u00ebmij\u00ebve ishte e organizuar dhe e kryer n\u00eb m\u00ebnyr\u00eb t\u00eb planifikuar.<\/p>\n<p>Bashk\u00ebshorti i Ademajt, Naim Murseli organizoi vrasjen p\u00ebr motive personale nd\u00ebrsa Plava kreu ekzekutimin me ndihm\u00ebn e Kokall\u00ebs.<\/p>\n<p>Si ndodhi vrasja?<\/p>\n<p>Liridona Ademaj u vra m\u00eb 29 n\u00ebntor 2023 n\u00eb nj\u00eb rrug\u00eb n\u00eb fshatin B\u00ebrnic\u00eb t\u00eb Prishtin\u00ebs. Naim Murseli u akuzuar se organizoi vrasjen e bashk\u00ebshortes me q\u00ebllim hakmarrjeje dhe p\u00ebrfitimi financiar nga nj\u00eb sigurim jet\u00ebsor n\u00eb Suedi, n\u00eb shum\u00eb prej rreth 260 mij\u00eb eurosh.<\/p>\n<p>Sipas Prokuroris\u00eb, Murseli e ka planifikuar vrasjen n\u00eb bashk\u00ebpunim me Kushtrim Kokall\u00ebn dhe Granit Plav\u00ebn, duke u premtuar atyre nj\u00eb shp\u00ebrblim prej 30 mij\u00eb eurosh p\u00ebr ta kryer krimin.<\/p>\n<p>Gjykata Themelore n\u00eb Prishtin\u00eb ka d\u00ebnuar me burgim t\u00eb p\u00ebrjetsh\u00ebm p\u00ebr vrasjen e Liridona Ademajt,<\/p>\n<p>Naim Murselin e Granit Plav\u00ebn. Kushtrim Kokalla u d\u00ebnua me 30 vjet burgim. Vendimi \u00ebsht\u00eb marr\u00eb n\u00eb seanc\u00ebn e mbajtur t\u00eb mart\u00ebn.<\/p>\n<p>N\u00eb p\u00ebrdit\u00ebsim\u2026<\/p>\n","protected":false},"excerpt":{"rendered":"<p>Gjykata Themelore n\u00eb Prishtin\u00eb ka d\u00ebnuar me burgim t\u00eb p\u00ebrjetsh\u00ebm Naim Murselin dhe Granit Plav\u00ebn p\u00ebr vrasjen e Liridona Ademajt. Nd\u00ebrsa Kushtrim Kokalla u d\u00ebnua me 30 vite burgim, b\u00ebjn\u00eb me dije mediat n\u00eb Kosov\u00eb. Aktgjykimi u shpall nga gjykata n\u00eb nj\u00eb seanc\u00eb publike. Prokuroria kishte k\u00ebrkuar burgim p\u00ebrjet\u00eb p\u00ebr t\u00eb tre t\u00eb p\u00ebrfshir\u00ebt, duke &#8230; <a title=\"Vr*sja e Liridona Ademajt n\u00eb Kosov\u00eb, d\u00ebnohet me b urg p\u00ebrjet\u00eb Naim Murseli dhe Granit Plava! Ja sa vite do t\u00eb b\u00ebj\u00eb Kushtrim Kokalla\" class=\"read-more\" href=\"https:\/\/factznews.xyz\/?p=9390\" aria-label=\"Read more about Vr*sja e Liridona Ademajt n\u00eb Kosov\u00eb, d\u00ebnohet me b urg p\u00ebrjet\u00eb Naim Murseli dhe Granit Plava! Ja sa vite do t\u00eb b\u00ebj\u00eb Kushtrim Kokalla\">Read more<\/a><\/p>\n","protected":false},"author":1,"featured_media":9453,"comment_status":"open","ping_status":"open","sticky":false,"template":"","format":"standard","meta":{"footnotes":""},"categories":[5],"tags":[],"class_list":["post-9390","post","type-post","status-publish","format-standard","has-post-thumbnail","hentry","category-interesting"],"_links":{"self":[{"href":"https:\/\/factznews.xyz\/index.php?rest_route=\/wp\/v2\/posts\/9390","targetHints":{"allow":["GET"]}}],"collection":[{"href":"https:\/\/factznews.xyz\/index.php?rest_route=\/wp\/v2\/posts"}],"about":[{"href":"https:\/\/factznews.xyz\/index.php?rest_route=\/wp\/v2\/types\/post"}],"author":[{"embeddable":true,"href":"https:\/\/factznews.xyz\/index.php?rest_route=\/wp\/v2\/users\/1"}],"replies":[{"embeddable":true,"href":"https:\/\/factznews.xyz\/index.php?rest_route=%2Fwp%2Fv2%2Fcomments&post=9390"}],"version-history":[{"count":1,"href":"https:\/\/factznews.xyz\/index.php?rest_route=\/wp\/v2\/posts\/9390\/revisions"}],"predecessor-version":[{"id":9452,"href":"https:\/\/factznews.xyz\/index.php?rest_route=\/wp\/v2\/posts\/9390\/revisions\/9452"}],"wp:featuredmedia":[{"embeddable":true,"href":"https:\/\/factznews.xyz\/index.php?rest_route=\/wp\/v2\/media\/9453"}],"wp:attachment":[{"href":"https:\/\/factznews.xyz\/index.php?rest_route=%2Fwp%2Fv2%2Fmedia&parent=9390"}],"wp:term":[{"taxonomy":"category","embeddable":true,"href":"https:\/\/factznews.xyz\/index.php?rest_route=%2Fwp%2Fv2%2Fcategories&post=9390"},{"taxonomy":"post_tag","embeddable":true,"href":"https:\/\/factznews.xyz\/index.php?rest_route=%2Fwp%2Fv2%2Ftags&post=9390"}],"curies":[{"name":"wp","href":"https:\/\/api.w.org\/{rel}","templated":true}]}}