{"id":9088,"date":"2026-04-18T21:28:05","date_gmt":"2026-04-18T13:28:05","guid":{"rendered":"https:\/\/factznews.xyz\/?p=9088"},"modified":"2026-04-18T21:28:05","modified_gmt":"2026-04-18T13:28:05","slug":"kecenohet-kryeprokurori-i-rendesishem-ne-vend","status":"publish","type":"post","link":"https:\/\/factznews.xyz\/?p=9088","title":{"rendered":"K\u00eb*c\u00ebnohet kryeprokurori i r\u00ebnd\u00ebsish\u00ebm n\u00eb vend!"},"content":{"rendered":"<h2>Zyra e Prokurorit t\u00eb Shtetit, ka d\u00ebnuar ashp\u00ebr k\u00ebrc\u00ebnimet q\u00eb i jan\u00eb b\u00ebr\u00eb kryeprokurorit t\u00eb Prokuroris\u00eb Themelore n\u00eb Prizren, Petrit Kryeziut.<\/h2>\n<h2>N\u00eb reagim theksohet se, k\u00ebrc\u00ebnimet ndaj Kryeziut, jan\u00eb b\u00ebr\u00eb nga nj\u00eb person i dyshuar p\u00ebr disa vepra penale.<\/h2>\n<h2>\u201cK\u00ebto k\u00ebrc\u00ebnime p\u00ebrb\u00ebjn\u00eb sulm t\u00eb drejtp\u00ebrdrejt\u00eb ndaj sistemit t\u00eb drejt\u00ebsis\u00eb dhe si t\u00eb tilla do t\u00eb marrin p\u00ebrgjigjen e duhur institucionale n\u00eb m\u00ebnyr\u00eb q\u00eb personi p\u00ebrgjegj\u00ebs t\u00eb sillet sa m\u00eb par\u00eb para dejt\u00ebsis\u00eb dhe t\u00eb p\u00ebrballet me pasojat ligjore\u2019\u2019, thuhet n\u00eb reagim.<\/h2>\n<p>Postimi<\/p>\n<p>Reagim nga Zyra e Kryeprokurorit t\u00eb Shtetit ndaj k\u00ebrc\u00ebnimeve t\u00eb b\u00ebra nga nj\u00eb person i dyshuar p\u00ebr vepra penale ndaj Kryeprokurorit t\u00eb Prokuroris\u00eb Themelore n\u00eb Prizren, z. Petrit Kryeziu<\/p>\n<p>Prishtin\u00eb, 17 Prill 2026 \u2013 Zyra e Kryeprokurorit t\u00eb Shtetit d\u00ebnon ashp\u00ebr k\u00ebrc\u00ebnimet ndaj Kryeprokurorit t\u00eb Prokuroris\u00eb Themelore n\u00eb Prizren, z. Petrit Kryeziu, t\u00eb cilat vijn\u00eb nga nj\u00eb person i dyshuar p\u00ebr disa vepra penale.<\/p>\n<p>K\u00ebto k\u00ebrc\u00ebnime p\u00ebrb\u00ebjn\u00eb sulm t\u00eb drejtp\u00ebrdrejt\u00eb ndaj sistemit t\u00eb drejt\u00ebsis\u00eb dhe si t\u00eb tilla do t\u00eb marrin p\u00ebrgjigjen e duhur institucionale n\u00eb m\u00ebnyr\u00eb q\u00eb personi p\u00ebrgjegj\u00ebs t\u00eb sillet sa m\u00eb par\u00eb para drejt\u00ebsis\u00eb dhe t\u00eb p\u00ebrballet me pasojat ligjore.<\/p>\n<p>Kosov\u00eb\/ K\u00ebrc\u00ebnohet kryeprokurori i Prizrenit Petrit Kryeziu, autori dyshohet nj\u00eb person me precedent\u00eb penal\u00ebP\u00ebr m\u00eb tep\u00ebr, \u00e7do p\u00ebrpjekje p\u00ebr t\u00eb frik\u00ebsuar apo penguar prokuror\u00ebt e shtetit n\u00eb ushtrimin e detyr\u00ebs zyrtare n\u00eb funksion t\u00eb forcimit t\u00eb sundimit t\u00eb ligjit \u00ebsht\u00eb e papranueshme dhe nuk do t\u00eb tolerohet.<\/p>\n","protected":false},"excerpt":{"rendered":"<p>Zyra e Prokurorit t\u00eb Shtetit, ka d\u00ebnuar ashp\u00ebr k\u00ebrc\u00ebnimet q\u00eb i jan\u00eb b\u00ebr\u00eb kryeprokurorit t\u00eb Prokuroris\u00eb Themelore n\u00eb Prizren, Petrit Kryeziut. N\u00eb reagim theksohet se, k\u00ebrc\u00ebnimet ndaj Kryeziut, jan\u00eb b\u00ebr\u00eb nga nj\u00eb person i dyshuar p\u00ebr disa vepra penale. \u201cK\u00ebto k\u00ebrc\u00ebnime p\u00ebrb\u00ebjn\u00eb sulm t\u00eb drejtp\u00ebrdrejt\u00eb ndaj sistemit t\u00eb drejt\u00ebsis\u00eb dhe si t\u00eb tilla do t\u00eb &#8230; <a title=\"K\u00eb*c\u00ebnohet kryeprokurori i r\u00ebnd\u00ebsish\u00ebm n\u00eb vend!\" class=\"read-more\" href=\"https:\/\/factznews.xyz\/?p=9088\" aria-label=\"Read more about K\u00eb*c\u00ebnohet kryeprokurori i r\u00ebnd\u00ebsish\u00ebm n\u00eb vend!\">Read more<\/a><\/p>\n","protected":false},"author":1,"featured_media":9089,"comment_status":"open","ping_status":"open","sticky":false,"template":"","format":"standard","meta":{"footnotes":""},"categories":[5],"tags":[],"class_list":["post-9088","post","type-post","status-publish","format-standard","has-post-thumbnail","hentry","category-interesting"],"_links":{"self":[{"href":"https:\/\/factznews.xyz\/index.php?rest_route=\/wp\/v2\/posts\/9088","targetHints":{"allow":["GET"]}}],"collection":[{"href":"https:\/\/factznews.xyz\/index.php?rest_route=\/wp\/v2\/posts"}],"about":[{"href":"https:\/\/factznews.xyz\/index.php?rest_route=\/wp\/v2\/types\/post"}],"author":[{"embeddable":true,"href":"https:\/\/factznews.xyz\/index.php?rest_route=\/wp\/v2\/users\/1"}],"replies":[{"embeddable":true,"href":"https:\/\/factznews.xyz\/index.php?rest_route=%2Fwp%2Fv2%2Fcomments&post=9088"}],"version-history":[{"count":1,"href":"https:\/\/factznews.xyz\/index.php?rest_route=\/wp\/v2\/posts\/9088\/revisions"}],"predecessor-version":[{"id":9090,"href":"https:\/\/factznews.xyz\/index.php?rest_route=\/wp\/v2\/posts\/9088\/revisions\/9090"}],"wp:featuredmedia":[{"embeddable":true,"href":"https:\/\/factznews.xyz\/index.php?rest_route=\/wp\/v2\/media\/9089"}],"wp:attachment":[{"href":"https:\/\/factznews.xyz\/index.php?rest_route=%2Fwp%2Fv2%2Fmedia&parent=9088"}],"wp:term":[{"taxonomy":"category","embeddable":true,"href":"https:\/\/factznews.xyz\/index.php?rest_route=%2Fwp%2Fv2%2Fcategories&post=9088"},{"taxonomy":"post_tag","embeddable":true,"href":"https:\/\/factznews.xyz\/index.php?rest_route=%2Fwp%2Fv2%2Ftags&post=9088"}],"curies":[{"name":"wp","href":"https:\/\/api.w.org\/{rel}","templated":true}]}}