{"id":9080,"date":"2026-04-18T21:24:21","date_gmt":"2026-04-18T13:24:21","guid":{"rendered":"https:\/\/factznews.xyz\/?p=9080"},"modified":"2026-04-18T21:24:21","modified_gmt":"2026-04-18T13:24:21","slug":"v-rasje-ne-durres-autori-q-elloi-nje-burre-me-grusht-dhe-fshehu-k-rimin","status":"publish","type":"post","link":"https:\/\/factznews.xyz\/?p=9080","title":{"rendered":"V rasje n\u00eb Durr\u00ebs. Autori q \u00eblloi nj\u00eb burr\u00eb me grusht dhe fshehu k rimin"},"content":{"rendered":"<h3>Vrasje n\u00eb Durr\u00ebs, zbardhet ngjarja: arrestohet 42-vje\u00e7ari i dyshuar<\/h3>\n<h3>Nj\u00eb ngjarje e r\u00ebnd\u00eb \u00ebsht\u00eb zbardhur nga Policia n\u00eb Durr\u00ebs, ku fillimisht u dyshua se nj\u00eb 59-vje\u00e7ar kishte humbur jet\u00ebn p\u00ebr shkaqe natyrale, por hetimet kan\u00eb treguar se b\u00ebhet fjal\u00eb p\u00ebr nj\u00eb rast vrasjeje nga pakujdesia.<\/h3>\n<p>Sipas Policis\u00eb, specialist\u00ebt p\u00ebr hetimin e krimeve ndaj personit n\u00eb Drejtorin\u00eb Vendore t\u00eb Policis\u00eb Durr\u00ebs, pas dyshimeve t\u00eb krijuara mbi rrethanat e vdekjes s\u00eb shtetasit Saimir Markja, vijuan veprimet hetimore p\u00ebr t\u00eb p\u00ebrcaktuar shkakun e sakt\u00eb t\u00eb humbjes s\u00eb jet\u00ebs.<\/p>\n<p>Nga hetimet intensive, t\u00eb kryera n\u00ebn drejtimin e Prokuroris\u00eb, rezultoi se m\u00eb dat\u00eb 13 prill 2026, n\u00eb lagjen nr. 18, shtetasi Gentian Kraja, 42 vje\u00e7, \u00ebsht\u00eb konfliktuar p\u00ebr motive t\u00eb dob\u00ebta me 59-vje\u00e7arin.<\/p>\n<p>Gjat\u00eb konfliktit, ai dyshohet se e ka goditur me grushte, duke b\u00ebr\u00eb q\u00eb viktima t\u00eb humbas\u00eb ndjenjat dhe t\u00eb rr\u00ebzohet n\u00eb asfalt, ku m\u00eb pas ka nd\u00ebrruar jet\u00eb.<\/p>\n<p>Fillimisht rasti ishte raportuar si vdekje nga arrest kardiak, por hetimet e m\u00ebtejshme p\u00ebrjashtuan k\u00ebt\u00eb pist\u00eb dhe \u00e7uan n\u00eb zbardhjen e plot\u00eb t\u00eb ngjarjes.<\/p>\n<p>N\u00eb p\u00ebrfundim t\u00eb veprimeve, 42-vje\u00e7ari \u00ebsht\u00eb v\u00ebn\u00eb n\u00eb pranga dhe akuzohet p\u00ebr vepr\u00ebn penale \u201cvrasja nga pakujdesia\u201d.<\/p>\n<p>Nd\u00ebrkoh\u00eb, n\u00ebn drejtimin e Prokuroris\u00eb vijojn\u00eb hetimet p\u00ebr dokumentimin e plot\u00eb ligjor t\u00eb rastit, nd\u00ebrsa materialet procedurale i jan\u00eb referuar Prokuroris\u00eb s\u00eb Durr\u00ebsit p\u00ebr veprime t\u00eb m\u00ebtejshme.<\/p>\n<p>\u00c7far\u00eb tha policia sot<\/p>\n<p>U dyshua se humbi jet\u00ebn p\u00ebr shkaqe natyrale, pas kryerjes s\u00eb veprimeve hetimore, Policia zbardh ngjarjen.<\/p>\n<p>Vihet n\u00eb pranga nj\u00eb 42-vje\u00e7ar, i dyshuar si autor p\u00ebr vrasje nga pakujdesia.<\/p>\n<p>42-vje\u00e7ari, pas nj\u00eb konflikti p\u00ebr motive t\u00eb dob\u00ebta, ka goditur me grushte 59-vje\u00e7arin, i cili ka humbur ndjenjat duke r\u00ebn\u00eb n\u00eb asfalt, ku m\u00eb pas ka nd\u00ebrruar jet\u00eb.<\/p>\n<p>Specialist\u00ebt p\u00ebr hetimin e krimeve ndaj personit n\u00eb Drejtorin\u00eb Vendore t\u00eb Policis\u00eb Durr\u00ebs, bazuar n\u00eb dyshimet e arsyeshme t\u00eb krijuara pas humbjes s\u00eb jet\u00ebs s\u00eb 59-vje\u00e7arit, shtetasit S.M., ku paraprakisht u dyshua se humbi jet\u00ebn p\u00ebr shkak t\u00eb arrestit kardiak, vijuan veprimet p\u00ebr zbardhjen e shkakut t\u00eb humbjes s\u00eb jet\u00ebs.<\/p>\n<p>Pas veprimeve intensive hetimore t\u00eb kryera, rezultoi se shtetasi G.K., 42 vje\u00e7, m\u00eb dat\u00eb 13.04.2026, n\u00eb lagjen nr. 18, Durr\u00ebs, \u00ebsht\u00eb konfliktuar p\u00ebr motive t\u00eb dob\u00ebta me shtetasin S.M., 59 vje\u00e7, dhe m\u00eb pas e ka goditur me grushte, si pasoj\u00eb shtetasi S.M. ka humbur ndjenjat, ka r\u00ebn\u00eb n\u00eb asfalt dhe m\u00eb pas ka humbur jet\u00ebn.<\/p>\n<p>Fillimisht u raportua se ky shtetas ka humbur jet\u00ebn p\u00ebr shkaqe natyrale, por pas dyshimeve t\u00eb krijuara dhe nga t\u00ebr\u00ebsia e veprimeve hetimore t\u00eb kryera, n\u00ebn drejtimin e Prokuroris\u00eb, rezultoi se ky shtetas nuk ka humbur jet\u00ebn si pasoj\u00eb e arrestit kardiak.<\/p>\n<p>N\u00eb vijim t\u00eb veprimeve, shtetasi G.K., 42 vje\u00e7, banues n\u00eb lagjen nr. 18, Durr\u00ebs, u ndalua p\u00ebr vepr\u00ebn penale \u201cVrasja nga pakujdesia\u201d.<\/p>\n<p>N\u00ebn drejtimin e Prokuroris\u00eb vijon puna p\u00ebr dokumentimin e plot\u00eb ligjor t\u00eb rastit.<\/p>\n<p>Materialet procedurale iu referuan Prokuroris\u00eb s\u00eb Durr\u00ebsit, p\u00ebr veprime t\u00eb m\u00ebtejshme.<\/p>\n<p>\u00c7far\u00eb tha policia t\u00eb enjten<\/p>\n<p>Specialist\u00ebt p\u00ebr Hetimin e Krimeve t\u00eb Komisariatit t\u00eb Policis\u00eb Durr\u00ebs referuan materialet n\u00eb Prokurori, p\u00ebr vler\u00ebsim, pasi dje, n\u00eb lagjen nr. 18, ka humbur ndjenjat shtetasi S. M., 59 vje\u00e7, i cili u d\u00ebrgua n\u00eb Spitalin Rajonal Durr\u00ebs, por pavar\u00ebsisht nd\u00ebrhyrjes mjek\u00ebsore, ka humbur jet\u00ebn.<\/p>\n<p>Materialet procedurale iu referuan Prokuroris\u00eb s\u00eb Durr\u00ebsit, p\u00ebr veprime t\u00eb m\u00ebtejshme.<\/p>\n<p>Sh\u00ebnim: \u00c7do person q\u00eb mund t\u00eb p\u00ebrmendet n\u00eb p\u00ebrmbajtjen e k\u00ebtij artikulli, mb\u00ebshtetur mbi parimin procedural penal dhe at\u00eb universal t\u00eb prezumimit t\u00eb pafaj\u00ebsis\u00eb, konsiderohet i pafajsh\u00ebm penalisht, n\u00ebse nuk ka ose deri kur t\u00eb ket\u00eb nj\u00eb vendim t\u00eb form\u00ebs s\u00eb prer\u00eb.<\/p>\n<p>Sh\u00ebnim: Disa imazhe gjenden nga interneti, q\u00eb konsiderohen t\u00eb jen\u00eb n\u00eb domenin publik. N\u00ebse dikush pretendon pron\u00ebsin\u00eb, ne do t\u00eb citojm\u00eb autorin, ose, sipas k\u00ebrkes\u00ebs, do t\u00eb heqim menj\u00ebher\u00eb imazhin.<\/p>\n","protected":false},"excerpt":{"rendered":"<p>Vrasje n\u00eb Durr\u00ebs, zbardhet ngjarja: arrestohet 42-vje\u00e7ari i dyshuar Nj\u00eb ngjarje e r\u00ebnd\u00eb \u00ebsht\u00eb zbardhur nga Policia n\u00eb Durr\u00ebs, ku fillimisht u dyshua se nj\u00eb 59-vje\u00e7ar kishte humbur jet\u00ebn p\u00ebr shkaqe natyrale, por hetimet kan\u00eb treguar se b\u00ebhet fjal\u00eb p\u00ebr nj\u00eb rast vrasjeje nga pakujdesia. Sipas Policis\u00eb, specialist\u00ebt p\u00ebr hetimin e krimeve ndaj personit n\u00eb &#8230; <a title=\"V rasje n\u00eb Durr\u00ebs. Autori q \u00eblloi nj\u00eb burr\u00eb me grusht dhe fshehu k rimin\" class=\"read-more\" href=\"https:\/\/factznews.xyz\/?p=9080\" aria-label=\"Read more about V rasje n\u00eb Durr\u00ebs. Autori q \u00eblloi nj\u00eb burr\u00eb me grusht dhe fshehu k rimin\">Read more<\/a><\/p>\n","protected":false},"author":1,"featured_media":9083,"comment_status":"open","ping_status":"open","sticky":false,"template":"","format":"standard","meta":{"footnotes":""},"categories":[5],"tags":[],"class_list":["post-9080","post","type-post","status-publish","format-standard","has-post-thumbnail","hentry","category-interesting"],"_links":{"self":[{"href":"https:\/\/factznews.xyz\/index.php?rest_route=\/wp\/v2\/posts\/9080","targetHints":{"allow":["GET"]}}],"collection":[{"href":"https:\/\/factznews.xyz\/index.php?rest_route=\/wp\/v2\/posts"}],"about":[{"href":"https:\/\/factznews.xyz\/index.php?rest_route=\/wp\/v2\/types\/post"}],"author":[{"embeddable":true,"href":"https:\/\/factznews.xyz\/index.php?rest_route=\/wp\/v2\/users\/1"}],"replies":[{"embeddable":true,"href":"https:\/\/factznews.xyz\/index.php?rest_route=%2Fwp%2Fv2%2Fcomments&post=9080"}],"version-history":[{"count":1,"href":"https:\/\/factznews.xyz\/index.php?rest_route=\/wp\/v2\/posts\/9080\/revisions"}],"predecessor-version":[{"id":9084,"href":"https:\/\/factznews.xyz\/index.php?rest_route=\/wp\/v2\/posts\/9080\/revisions\/9084"}],"wp:featuredmedia":[{"embeddable":true,"href":"https:\/\/factznews.xyz\/index.php?rest_route=\/wp\/v2\/media\/9083"}],"wp:attachment":[{"href":"https:\/\/factznews.xyz\/index.php?rest_route=%2Fwp%2Fv2%2Fmedia&parent=9080"}],"wp:term":[{"taxonomy":"category","embeddable":true,"href":"https:\/\/factznews.xyz\/index.php?rest_route=%2Fwp%2Fv2%2Fcategories&post=9080"},{"taxonomy":"post_tag","embeddable":true,"href":"https:\/\/factznews.xyz\/index.php?rest_route=%2Fwp%2Fv2%2Ftags&post=9080"}],"curies":[{"name":"wp","href":"https:\/\/api.w.org\/{rel}","templated":true}]}}