{"id":9041,"date":"2026-04-18T07:16:52","date_gmt":"2026-04-17T23:16:52","guid":{"rendered":"https:\/\/factznews.xyz\/?p=9041"},"modified":"2026-04-18T07:16:52","modified_gmt":"2026-04-17T23:16:52","slug":"prokurorja-tregon-cfare-ka-thene-djali-i-madh-i-liridona-ademajt-ne-prani-te-psikologut","status":"publish","type":"post","link":"https:\/\/factznews.xyz\/?p=9041","title":{"rendered":"Prokurorja tregon \u00e7far\u00eb ka th\u00ebn\u00eb djali i madh i Liridona Ademajt n\u00eb prani t\u00eb psikologut"},"content":{"rendered":"<h3>N\u00eb Gjykat\u00ebn Themelore n\u00eb Prishtin\u00eb ka nisur sot seanca gjyq\u00ebsore n\u00eb rastin e vrasjes s\u00eb Liridona Ademajt, ku pritet t\u00eb jepen fjal\u00ebt p\u00ebrfundimtare.<\/h3>\n<h3>N\u00eb sall\u00ebn e gjyqit, n\u00ebn masa t\u00eb rrepta sigurie dhe me pranga n\u00eb duar, jan\u00eb futur t\u00eb akuzuarit Naim Murseli, Granit Plava dhe Kushtrim Kokalla.<\/h3>\n<h3>N\u00eb seanc\u00eb po merr pjes\u00eb edhe prokurorja Javorka Perlin\u00e7eviq, e cila e ka cil\u00ebsuar vrasjen e Liridona Ademajt si \u201ckrim makab\u00ebr\u201d.<\/h3>\n<p>Gjat\u00eb fjal\u00ebs s\u00eb saj, ajo ka sjell\u00eb edhe deklarime q\u00eb lidhen me f\u00ebmij\u00ebt e viktim\u00ebs, t\u00eb dh\u00ebna gjat\u00eb nj\u00eb vizite t\u00eb nj\u00ebrit prej djemve n\u00eb Suedi, n\u00eb prani t\u00eb psikologes.<\/p>\n<p>Sipas prokurores, djali i madh ka deklaruar, \u201cHajni i futi dor\u00ebn dhe i b\u00ebri mamas\u00eb bam\u201d, raporton klankosova.<\/p>\n<p>Po ashtu, \u00ebsht\u00eb theksuar se f\u00ebmij\u00ebt refuzojn\u00eb thirrjet telefonike t\u00eb mund\u00ebsuara nga Qendra p\u00ebr Pun\u00eb Sociale n\u00eb Suedi p\u00ebr kontakt me Naim Murselin.<\/p>\n<p>Prokurorja ka shtuar se Leonardi ka treguar se f\u00ebmij\u00ebt d\u00ebshmojn\u00eb se si Naim Murseli e ka mbajtur Liridon\u00ebn n\u00eb nj\u00ebrin krah n\u00eb momentin e ngjarjes, do t\u2019iu jemi mirenjohes nese do te na ndihmonit q\u00eb t\u00eb mirmbajm\u00eb faqen vet\u00ebm duke shtypur(mbi foton) q\u00eb ndodhet m\u00eb posht\u00eb.Faleminderit p\u00ebr mirkuptimin SHQIPE<\/p>\n","protected":false},"excerpt":{"rendered":"<p>N\u00eb Gjykat\u00ebn Themelore n\u00eb Prishtin\u00eb ka nisur sot seanca gjyq\u00ebsore n\u00eb rastin e vrasjes s\u00eb Liridona Ademajt, ku pritet t\u00eb jepen fjal\u00ebt p\u00ebrfundimtare. N\u00eb sall\u00ebn e gjyqit, n\u00ebn masa t\u00eb rrepta sigurie dhe me pranga n\u00eb duar, jan\u00eb futur t\u00eb akuzuarit Naim Murseli, Granit Plava dhe Kushtrim Kokalla. N\u00eb seanc\u00eb po merr pjes\u00eb edhe prokurorja &#8230; <a title=\"Prokurorja tregon \u00e7far\u00eb ka th\u00ebn\u00eb djali i madh i Liridona Ademajt n\u00eb prani t\u00eb psikologut\" class=\"read-more\" href=\"https:\/\/factznews.xyz\/?p=9041\" aria-label=\"Read more about Prokurorja tregon \u00e7far\u00eb ka th\u00ebn\u00eb djali i madh i Liridona Ademajt n\u00eb prani t\u00eb psikologut\">Read more<\/a><\/p>\n","protected":false},"author":1,"featured_media":9042,"comment_status":"open","ping_status":"open","sticky":false,"template":"","format":"standard","meta":{"footnotes":""},"categories":[5],"tags":[],"class_list":["post-9041","post","type-post","status-publish","format-standard","has-post-thumbnail","hentry","category-interesting"],"_links":{"self":[{"href":"https:\/\/factznews.xyz\/index.php?rest_route=\/wp\/v2\/posts\/9041","targetHints":{"allow":["GET"]}}],"collection":[{"href":"https:\/\/factznews.xyz\/index.php?rest_route=\/wp\/v2\/posts"}],"about":[{"href":"https:\/\/factznews.xyz\/index.php?rest_route=\/wp\/v2\/types\/post"}],"author":[{"embeddable":true,"href":"https:\/\/factznews.xyz\/index.php?rest_route=\/wp\/v2\/users\/1"}],"replies":[{"embeddable":true,"href":"https:\/\/factznews.xyz\/index.php?rest_route=%2Fwp%2Fv2%2Fcomments&post=9041"}],"version-history":[{"count":1,"href":"https:\/\/factznews.xyz\/index.php?rest_route=\/wp\/v2\/posts\/9041\/revisions"}],"predecessor-version":[{"id":9043,"href":"https:\/\/factznews.xyz\/index.php?rest_route=\/wp\/v2\/posts\/9041\/revisions\/9043"}],"wp:featuredmedia":[{"embeddable":true,"href":"https:\/\/factznews.xyz\/index.php?rest_route=\/wp\/v2\/media\/9042"}],"wp:attachment":[{"href":"https:\/\/factznews.xyz\/index.php?rest_route=%2Fwp%2Fv2%2Fmedia&parent=9041"}],"wp:term":[{"taxonomy":"category","embeddable":true,"href":"https:\/\/factznews.xyz\/index.php?rest_route=%2Fwp%2Fv2%2Fcategories&post=9041"},{"taxonomy":"post_tag","embeddable":true,"href":"https:\/\/factznews.xyz\/index.php?rest_route=%2Fwp%2Fv2%2Ftags&post=9041"}],"curies":[{"name":"wp","href":"https:\/\/api.w.org\/{rel}","templated":true}]}}