{"id":9038,"date":"2026-04-18T07:13:36","date_gmt":"2026-04-17T23:13:36","guid":{"rendered":"https:\/\/factznews.xyz\/?p=9038"},"modified":"2026-04-18T07:13:36","modified_gmt":"2026-04-17T23:13:36","slug":"naim-murseli-befason-me-fjalet-qe-tha-per-pacollin-ne-gjykate","status":"publish","type":"post","link":"https:\/\/factznews.xyz\/?p=9038","title":{"rendered":"Naim Murseli befason me fjal\u00ebt q\u00eb tha p\u00ebr Pacollin n\u00eb Gjykat\u00eb"},"content":{"rendered":"<h3>Naim Murseli i ka k\u00ebrkuar falje Behgjet Pacollit.<\/h3>\n<h3>Kjo pasi si\u00e7 ka th\u00ebn\u00eb, i \u00ebsht\u00eb p\u00ebrmendur emri disa her\u00eb.<\/h3>\n<h3>N\u00eb k\u00ebt\u00eb proces gjyq\u00ebsor pa t\u00eb drejt\u00eb, shum\u00eb her\u00eb, \u00ebsht\u00eb p\u00ebrmendur edhe Behgjet Pacolli,<\/h3>\n<h3>i cili fare nuk ka lidhje me k\u00ebt\u00eb rast, dhe padrejt\u00ebsisht i \u00ebsht\u00eb p\u00ebrmendur emri, dhe kisha t\u00eb nevojshme ta sqaroj se ndjej keqardhje sa her\u00eb q\u00eb \u00ebsht\u00eb p\u00ebrmendur emri i tij, sepse \u00ebsht\u00eb e padrejt\u00eb.<\/h3>\n<p>Ju duhet t\u00eb merrni vendim s\u00eb shpejti p\u00ebr k\u00ebt\u00eb rast, ne kemi propozuar nj\u00eb CD<\/p>\n<p>ku shihet vrapimi im me f\u00ebmij\u00ebt, ndyrshe nuk do ta kishim propozuar. E vetmja arsye pse nuk kam komunikim me f\u00ebmij\u00ebt \u00ebsht\u00eb sepse gjendem n\u00eb mas\u00ebn e paraburgimit, e jo pse f\u00ebmij\u00ebt nuk d\u00ebshirojn\u00eb me fole, do t\u2019iu jemi mirenjohes nese do te na ndihmonit q\u00eb t\u00eb mirmbajm\u00eb faqen vet\u00ebm duke shtypur(mbi foton) q\u00eb ndodhet m\u00eb posht\u00eb.Faleminderit p\u00ebr mirkuptimin SHQIPE<\/p>\n","protected":false},"excerpt":{"rendered":"<p>Naim Murseli i ka k\u00ebrkuar falje Behgjet Pacollit. Kjo pasi si\u00e7 ka th\u00ebn\u00eb, i \u00ebsht\u00eb p\u00ebrmendur emri disa her\u00eb. N\u00eb k\u00ebt\u00eb proces gjyq\u00ebsor pa t\u00eb drejt\u00eb, shum\u00eb her\u00eb, \u00ebsht\u00eb p\u00ebrmendur edhe Behgjet Pacolli, i cili fare nuk ka lidhje me k\u00ebt\u00eb rast, dhe padrejt\u00ebsisht i \u00ebsht\u00eb p\u00ebrmendur emri, dhe kisha t\u00eb nevojshme ta sqaroj se &#8230; <a title=\"Naim Murseli befason me fjal\u00ebt q\u00eb tha p\u00ebr Pacollin n\u00eb Gjykat\u00eb\" class=\"read-more\" href=\"https:\/\/factznews.xyz\/?p=9038\" aria-label=\"Read more about Naim Murseli befason me fjal\u00ebt q\u00eb tha p\u00ebr Pacollin n\u00eb Gjykat\u00eb\">Read more<\/a><\/p>\n","protected":false},"author":1,"featured_media":9039,"comment_status":"open","ping_status":"open","sticky":false,"template":"","format":"standard","meta":{"footnotes":""},"categories":[5],"tags":[],"class_list":["post-9038","post","type-post","status-publish","format-standard","has-post-thumbnail","hentry","category-interesting"],"_links":{"self":[{"href":"https:\/\/factznews.xyz\/index.php?rest_route=\/wp\/v2\/posts\/9038","targetHints":{"allow":["GET"]}}],"collection":[{"href":"https:\/\/factznews.xyz\/index.php?rest_route=\/wp\/v2\/posts"}],"about":[{"href":"https:\/\/factznews.xyz\/index.php?rest_route=\/wp\/v2\/types\/post"}],"author":[{"embeddable":true,"href":"https:\/\/factznews.xyz\/index.php?rest_route=\/wp\/v2\/users\/1"}],"replies":[{"embeddable":true,"href":"https:\/\/factznews.xyz\/index.php?rest_route=%2Fwp%2Fv2%2Fcomments&post=9038"}],"version-history":[{"count":1,"href":"https:\/\/factznews.xyz\/index.php?rest_route=\/wp\/v2\/posts\/9038\/revisions"}],"predecessor-version":[{"id":9040,"href":"https:\/\/factznews.xyz\/index.php?rest_route=\/wp\/v2\/posts\/9038\/revisions\/9040"}],"wp:featuredmedia":[{"embeddable":true,"href":"https:\/\/factznews.xyz\/index.php?rest_route=\/wp\/v2\/media\/9039"}],"wp:attachment":[{"href":"https:\/\/factznews.xyz\/index.php?rest_route=%2Fwp%2Fv2%2Fmedia&parent=9038"}],"wp:term":[{"taxonomy":"category","embeddable":true,"href":"https:\/\/factznews.xyz\/index.php?rest_route=%2Fwp%2Fv2%2Fcategories&post=9038"},{"taxonomy":"post_tag","embeddable":true,"href":"https:\/\/factznews.xyz\/index.php?rest_route=%2Fwp%2Fv2%2Ftags&post=9038"}],"curies":[{"name":"wp","href":"https:\/\/api.w.org\/{rel}","templated":true}]}}