{"id":9036,"date":"2026-04-18T07:01:36","date_gmt":"2026-04-17T23:01:36","guid":{"rendered":"https:\/\/factznews.xyz\/?p=9036"},"modified":"2026-04-18T07:01:36","modified_gmt":"2026-04-17T23:01:36","slug":"tragjedi-e-madhe-ne-vend-2-te-vdekur-dhe-5-te-plagosur","status":"publish","type":"post","link":"https:\/\/factznews.xyz\/?p=9036","title":{"rendered":"TRAGJEDI E MADHE NE VEND, 2 t\u00eb vdekur dhe 5 t\u00eb plagosur"},"content":{"rendered":"<h2>Nj\u00eb aksident i r\u00ebnd\u00eb rrugor ka ndodhur n\u00eb segmentin Rr\u00ebshen\u2013Milot, n\u00eb Rrug\u00ebn e Kombit, ku jan\u00eb p\u00ebrplasur dy automjete. Si pasoj\u00eb, dy persona kan\u00eb humbur jet\u00ebn dhe disa t\u00eb tjer\u00eb jan\u00eb plagosur, duke u d\u00ebrguar p\u00ebr trajtim n\u00eb spital.<\/h2>\n<h2>Autoritetet p\u00ebrkat\u00ebse kan\u00eb nisur hetimet p\u00ebr t\u00eb zbardhur rrethanat dhe shkaqet e k\u00ebtij aksidenti tragjik.<\/h2>\n<h2>Rr\u00ebshen\/Informacion paraprak<br \/>\nN\u00eb Rrug\u00ebn e Kombit, n\u00eb segmentin Rr\u00ebshen\u2013Milot, automjeti me drejtues shtetasin N. P., 61 vje\u00e7, \u00ebsht\u00eb p\u00ebrplasur me automjetin me drejtues shtetasin D. P., 30 vje\u00e7.<\/h2>\n<p>Si pasoj\u00eb e aksidentit kan\u00eb nd\u00ebrruar jet\u00eb drejtuesi i nj\u00ebrit prej automjeteve shtetasi N. P., si dhe shtetasi F. P., rreth 57 vje\u00e7 (babai i shtetasit D. P.)<\/p>\n<p>Gjithashtu, jan\u00eb d\u00ebmtuar drejtuesi i automjetit tjet\u00ebr, shtetasi D. P., si dhe 4 pasagjer\u00eb, t\u00eb cil\u00ebt jan\u00eb transportuar n\u00eb Spitalin e Traum\u00ebs, n\u00eb Tiran\u00eb, p\u00ebr ndihm\u00eb mjek\u00ebsore.<\/p>\n<p>Grupi hetimor, n\u00ebn drejtimin e Prokuroris\u00eb, vijon pun\u00ebn p\u00ebr p\u00ebrcaktimin e shkakut t\u00eb aksidentit dhe dokumentimin ligjor t\u00eb rastit.\/Top Channel<\/p>\n","protected":false},"excerpt":{"rendered":"<p>Nj\u00eb aksident i r\u00ebnd\u00eb rrugor ka ndodhur n\u00eb segmentin Rr\u00ebshen\u2013Milot, n\u00eb Rrug\u00ebn e Kombit, ku jan\u00eb p\u00ebrplasur dy automjete. Si pasoj\u00eb, dy persona kan\u00eb humbur jet\u00ebn dhe disa t\u00eb tjer\u00eb jan\u00eb plagosur, duke u d\u00ebrguar p\u00ebr trajtim n\u00eb spital. Autoritetet p\u00ebrkat\u00ebse kan\u00eb nisur hetimet p\u00ebr t\u00eb zbardhur rrethanat dhe shkaqet e k\u00ebtij aksidenti tragjik. Rr\u00ebshen\/Informacion &#8230; <a title=\"TRAGJEDI E MADHE NE VEND, 2 t\u00eb vdekur dhe 5 t\u00eb plagosur\" class=\"read-more\" href=\"https:\/\/factznews.xyz\/?p=9036\" aria-label=\"Read more about TRAGJEDI E MADHE NE VEND, 2 t\u00eb vdekur dhe 5 t\u00eb plagosur\">Read more<\/a><\/p>\n","protected":false},"author":1,"featured_media":8987,"comment_status":"open","ping_status":"open","sticky":false,"template":"","format":"standard","meta":{"footnotes":""},"categories":[5],"tags":[],"class_list":["post-9036","post","type-post","status-publish","format-standard","has-post-thumbnail","hentry","category-interesting"],"_links":{"self":[{"href":"https:\/\/factznews.xyz\/index.php?rest_route=\/wp\/v2\/posts\/9036","targetHints":{"allow":["GET"]}}],"collection":[{"href":"https:\/\/factznews.xyz\/index.php?rest_route=\/wp\/v2\/posts"}],"about":[{"href":"https:\/\/factznews.xyz\/index.php?rest_route=\/wp\/v2\/types\/post"}],"author":[{"embeddable":true,"href":"https:\/\/factznews.xyz\/index.php?rest_route=\/wp\/v2\/users\/1"}],"replies":[{"embeddable":true,"href":"https:\/\/factznews.xyz\/index.php?rest_route=%2Fwp%2Fv2%2Fcomments&post=9036"}],"version-history":[{"count":1,"href":"https:\/\/factznews.xyz\/index.php?rest_route=\/wp\/v2\/posts\/9036\/revisions"}],"predecessor-version":[{"id":9037,"href":"https:\/\/factznews.xyz\/index.php?rest_route=\/wp\/v2\/posts\/9036\/revisions\/9037"}],"wp:featuredmedia":[{"embeddable":true,"href":"https:\/\/factznews.xyz\/index.php?rest_route=\/wp\/v2\/media\/8987"}],"wp:attachment":[{"href":"https:\/\/factznews.xyz\/index.php?rest_route=%2Fwp%2Fv2%2Fmedia&parent=9036"}],"wp:term":[{"taxonomy":"category","embeddable":true,"href":"https:\/\/factznews.xyz\/index.php?rest_route=%2Fwp%2Fv2%2Fcategories&post=9036"},{"taxonomy":"post_tag","embeddable":true,"href":"https:\/\/factznews.xyz\/index.php?rest_route=%2Fwp%2Fv2%2Ftags&post=9036"}],"curies":[{"name":"wp","href":"https:\/\/api.w.org\/{rel}","templated":true}]}}