{"id":8950,"date":"2026-04-17T20:47:37","date_gmt":"2026-04-17T12:47:37","guid":{"rendered":"https:\/\/factznews.xyz\/?p=8950"},"modified":"2026-04-17T20:47:37","modified_gmt":"2026-04-17T12:47:37","slug":"8950","status":"publish","type":"post","link":"https:\/\/factznews.xyz\/?p=8950","title":{"rendered":""},"content":{"rendered":"<p>Pak or\u00eb para protest\u00ebs komb\u00ebtare t\u00eb paralajm\u00ebruar p\u00ebrpara Kryeministris\u00eb, kreu i Partis\u00eb Demokratike, Sali Berisha, u ka b\u00ebr\u00eb thirrjen e fundit qytetar\u00ebve q\u00eb t\u2019i bashkohen tubimit.<\/p>\n<p>N\u00eb deklarat\u00ebn e tij, Berisha theksoi se protesta do t\u00eb jet\u00eb nj\u00eb \u201ckryengritje paq\u00ebsore\u201d, duke e cil\u00ebsuar at\u00eb si nd\u00ebr m\u00eb t\u00eb fuqishmet q\u00eb ka njohur vendi.<\/p>\n<p>Ai u b\u00ebri apel qytetar\u00ebve t\u00eb ngrihen kund\u00ebr qeveris\u00eb dhe politikave t\u00eb kryeministrit Edi Rama, duke k\u00ebrkuar pjes\u00ebmarrje masive n\u00eb protest\u00ebn e paralajm\u00ebruar.<\/p>\n<p>\u201cKryengritjen e tyre paq\u00ebsore m\u00eb t\u00eb fuqishme q\u00eb ka njohur Shqip\u00ebria. Ngrihen mbi dhun\u00ebn, p\u00ebr t\u00eb mbrojtur nderin e \u00e7do shqiptari ndaj nj\u00eb agresioni t\u00eb r\u00ebnd\u00eb, t\u00eb nj\u00eb organizat\u00eb kriminale t\u00eb drejtuar nga Rama. Akti i fundit i Ram\u00ebs, \u00ebsht\u00eb akti m\u00eb armiq\u00ebsor q\u00eb ka nd\u00ebrmarr\u00eb n\u00eb serin\u00eb e akteve armiq\u00ebsore. Bllokimi i heqjes s\u00eb imunitetit nga Edi Rama ishte nj\u00eb mburoj\u00eb p\u00ebr veten e tij pasi n\u00eb dosjen e Ballukut Rama \u00ebsht\u00eb aksionet me 60% t\u00eb veprave kriminale q\u00eb mban ajo dosje\u201d, tha Berisha.<\/p>\n<p>Nd\u00ebrkoh\u00eb sipas tij nj\u00eb tjet\u00ebr arsye p\u00ebr t\u2019u ngritur n\u00eb protest\u00eb \u00ebsht\u00eb dhe \u00e7mimi i naft\u00ebs.<\/p>\n<p>\u201cT\u00eb gjitha vendet n\u00eb Europ\u00eb dyfishuan subvencionet p\u00ebr naft\u00ebn p\u00ebr fermer\u00ebt, Rama me nj\u00eb akt t\u00eb pap\u00ebrgjeshm\u00ebris\u00eb absolute e hoqi dhe at\u00eb pak q\u00eb jepte\u201d, tha Berisha.<\/p>\n<p>Skenari i k\u00ebsaj protest\u00eb sipas Berish\u00ebs do t\u00eb jet\u00eb kryengritje paq\u00ebsore, por q\u00eb asgj\u00eb n\u00eb bot\u00eb nuk do ta ndal\u00eb.<\/p>\n<p>\u201cKryengritja paq\u00ebsore e opozit\u00ebs nuk ndalet dhe nuk ka forc\u00eb n\u00eb bot\u00eb q\u00eb ta ndal\u00eb, kjo kryengritje \u00ebsht\u00eb jetike\u201d, tha ai.<\/p>\n","protected":false},"excerpt":{"rendered":"<p>Pak or\u00eb para protest\u00ebs komb\u00ebtare t\u00eb paralajm\u00ebruar p\u00ebrpara Kryeministris\u00eb, kreu i Partis\u00eb Demokratike, Sali Berisha, u ka b\u00ebr\u00eb thirrjen e fundit qytetar\u00ebve q\u00eb t\u2019i bashkohen tubimit. N\u00eb deklarat\u00ebn e tij, Berisha theksoi se protesta do t\u00eb jet\u00eb nj\u00eb \u201ckryengritje paq\u00ebsore\u201d, duke e cil\u00ebsuar at\u00eb si nd\u00ebr m\u00eb t\u00eb fuqishmet q\u00eb ka njohur vendi. Ai u &#8230; <a title=\"\" class=\"read-more\" href=\"https:\/\/factznews.xyz\/?p=8950\" aria-label=\"Read more about \">Read more<\/a><\/p>\n","protected":false},"author":1,"featured_media":0,"comment_status":"open","ping_status":"open","sticky":false,"template":"","format":"standard","meta":{"footnotes":""},"categories":[5],"tags":[],"class_list":["post-8950","post","type-post","status-publish","format-standard","hentry","category-interesting"],"_links":{"self":[{"href":"https:\/\/factznews.xyz\/index.php?rest_route=\/wp\/v2\/posts\/8950","targetHints":{"allow":["GET"]}}],"collection":[{"href":"https:\/\/factznews.xyz\/index.php?rest_route=\/wp\/v2\/posts"}],"about":[{"href":"https:\/\/factznews.xyz\/index.php?rest_route=\/wp\/v2\/types\/post"}],"author":[{"embeddable":true,"href":"https:\/\/factznews.xyz\/index.php?rest_route=\/wp\/v2\/users\/1"}],"replies":[{"embeddable":true,"href":"https:\/\/factznews.xyz\/index.php?rest_route=%2Fwp%2Fv2%2Fcomments&post=8950"}],"version-history":[{"count":1,"href":"https:\/\/factznews.xyz\/index.php?rest_route=\/wp\/v2\/posts\/8950\/revisions"}],"predecessor-version":[{"id":8952,"href":"https:\/\/factznews.xyz\/index.php?rest_route=\/wp\/v2\/posts\/8950\/revisions\/8952"}],"wp:attachment":[{"href":"https:\/\/factznews.xyz\/index.php?rest_route=%2Fwp%2Fv2%2Fmedia&parent=8950"}],"wp:term":[{"taxonomy":"category","embeddable":true,"href":"https:\/\/factznews.xyz\/index.php?rest_route=%2Fwp%2Fv2%2Fcategories&post=8950"},{"taxonomy":"post_tag","embeddable":true,"href":"https:\/\/factznews.xyz\/index.php?rest_route=%2Fwp%2Fv2%2Ftags&post=8950"}],"curies":[{"name":"wp","href":"https:\/\/api.w.org\/{rel}","templated":true}]}}