{"id":8945,"date":"2026-04-17T20:46:17","date_gmt":"2026-04-17T12:46:17","guid":{"rendered":"https:\/\/factznews.xyz\/?p=8945"},"modified":"2026-04-17T20:46:17","modified_gmt":"2026-04-17T12:46:17","slug":"8945","status":"publish","type":"post","link":"https:\/\/factznews.xyz\/?p=8945","title":{"rendered":""},"content":{"rendered":"<p>N\u00eb Kosov\u00eb sot pritet t\u00eb zhvillohet nj\u00eb nga seancat vendimtare n\u00eb procesin gjyq\u00ebsor p\u00ebr vrasjen e Liridona Ademajt, ku t\u00eb akuzuar jan\u00eb bashk\u00ebshorti i saj Naim Murseli, si dhe Granit Plava dhe Kushtrim Kokalla.<\/p>\n<p>Seanca pritet t\u00eb nis\u00eb n\u00eb or\u00ebn 09:30, ku pal\u00ebt do t\u00eb paraqesin fjal\u00ebt p\u00ebrfundimtare p\u00ebrpara shpalljes s\u00eb vendimit.<\/p>\n<p>Sipas aktakuz\u00ebs, t\u00eb tre t\u00eb akuzuarit dyshohet se kishin r\u00ebn\u00eb dakord paraprakisht p\u00ebr vrasjen e Ademajt, ku ekzekutimi i krimit i ishte besuar Granit Plav\u00ebs, n\u00eb k\u00ebmbim t\u00eb nj\u00eb pagese prej 30 mij\u00eb eurosh t\u00eb premtuar nga Naim Murseli.<\/p>\n<p>Prokuroria pretendon se i gjith\u00eb plani \u00ebsht\u00eb organizuar nga vet\u00eb Murseli, i cili dyshohet se e ka motivuar veprimin p\u00ebr shkak t\u00eb konflikteve familjare dhe martesore, q\u00eb sipas aktakuz\u00ebs kan\u00eb \u00e7uar n\u00eb synimin p\u00ebr hakmarrje. Po ashtu, thuhet se fillimisht plani i ishte paraqitur Kushtrim Kokall\u00ebs, i cili e kishte refuzuar pjes\u00ebmarrjen, por m\u00eb pas kishte lidhur Murselin me Granit Plav\u00ebn.<\/p>\n<p>N\u00eb dosjen e akuz\u00ebs p\u00ebrmendet edhe se arma e krimit dyshohet t\u00eb jet\u00eb siguruar nga Naim Murseli p\u00ebrmes Tom Dodaj, i cili e ka pranuar faj\u00ebsin\u00eb dhe \u00ebsht\u00eb d\u00ebnuar fillimisht me 5 vjet burgim, d\u00ebnim i cili m\u00eb pas \u00ebsht\u00eb ulur n\u00eb 3 vjet nga Apeli.<\/p>\n","protected":false},"excerpt":{"rendered":"<p>N\u00eb Kosov\u00eb sot pritet t\u00eb zhvillohet nj\u00eb nga seancat vendimtare n\u00eb procesin gjyq\u00ebsor p\u00ebr vrasjen e Liridona Ademajt, ku t\u00eb akuzuar jan\u00eb bashk\u00ebshorti i saj Naim Murseli, si dhe Granit Plava dhe Kushtrim Kokalla. Seanca pritet t\u00eb nis\u00eb n\u00eb or\u00ebn 09:30, ku pal\u00ebt do t\u00eb paraqesin fjal\u00ebt p\u00ebrfundimtare p\u00ebrpara shpalljes s\u00eb vendimit. Sipas aktakuz\u00ebs, t\u00eb &#8230; <a title=\"\" class=\"read-more\" href=\"https:\/\/factznews.xyz\/?p=8945\" aria-label=\"Read more about \">Read more<\/a><\/p>\n","protected":false},"author":1,"featured_media":0,"comment_status":"open","ping_status":"open","sticky":false,"template":"","format":"standard","meta":{"footnotes":""},"categories":[5],"tags":[],"class_list":["post-8945","post","type-post","status-publish","format-standard","hentry","category-interesting"],"_links":{"self":[{"href":"https:\/\/factznews.xyz\/index.php?rest_route=\/wp\/v2\/posts\/8945","targetHints":{"allow":["GET"]}}],"collection":[{"href":"https:\/\/factznews.xyz\/index.php?rest_route=\/wp\/v2\/posts"}],"about":[{"href":"https:\/\/factznews.xyz\/index.php?rest_route=\/wp\/v2\/types\/post"}],"author":[{"embeddable":true,"href":"https:\/\/factznews.xyz\/index.php?rest_route=\/wp\/v2\/users\/1"}],"replies":[{"embeddable":true,"href":"https:\/\/factznews.xyz\/index.php?rest_route=%2Fwp%2Fv2%2Fcomments&post=8945"}],"version-history":[{"count":1,"href":"https:\/\/factznews.xyz\/index.php?rest_route=\/wp\/v2\/posts\/8945\/revisions"}],"predecessor-version":[{"id":8947,"href":"https:\/\/factznews.xyz\/index.php?rest_route=\/wp\/v2\/posts\/8945\/revisions\/8947"}],"wp:attachment":[{"href":"https:\/\/factznews.xyz\/index.php?rest_route=%2Fwp%2Fv2%2Fmedia&parent=8945"}],"wp:term":[{"taxonomy":"category","embeddable":true,"href":"https:\/\/factznews.xyz\/index.php?rest_route=%2Fwp%2Fv2%2Fcategories&post=8945"},{"taxonomy":"post_tag","embeddable":true,"href":"https:\/\/factznews.xyz\/index.php?rest_route=%2Fwp%2Fv2%2Ftags&post=8945"}],"curies":[{"name":"wp","href":"https:\/\/api.w.org\/{rel}","templated":true}]}}