{"id":8936,"date":"2026-04-17T20:43:46","date_gmt":"2026-04-17T12:43:46","guid":{"rendered":"https:\/\/factznews.xyz\/?p=8936"},"modified":"2026-04-17T20:43:46","modified_gmt":"2026-04-17T12:43:46","slug":"8936","status":"publish","type":"post","link":"https:\/\/factznews.xyz\/?p=8936","title":{"rendered":""},"content":{"rendered":"<p>Kryebashkiaku i Tiran\u00ebs, Erion Veliaj i \u00ebsht\u00eb drejtuar me nj\u00eb padi n\u00eb Prokurorin\u00eb e Tiran\u00ebs ku k\u00ebrkon nisjen e hetimeve p\u00ebr falsifikim t\u00eb dokumenteve. Veliaj k\u00ebrkon hetimin e dokumentit q\u00eb sh\u00ebrbeu si baz\u00eb p\u00ebr nisjen e procedimit penal ndaj tij. Sipas kall\u00ebzimit, t\u00eb depozituar pran\u00eb Prokuroris\u00eb s\u00eb Tiran\u00ebs, hetimi ndaj tij \u00ebsht\u00eb nisur mbi baz\u00ebn e nj\u00eb dokumenti t\u00eb n\u00ebnshkruar nga nj\u00eb person i vet\u00ebquajtur \u201cNesti Angoni\u201d, i cili, sipas verifikimeve zyrtare, nuk ekziston n\u00eb regjistrat e gjendjes civile, thuhet n\u00eb kall\u00ebzim.<\/p>\n<p>\u201cSi baz\u00eb p\u00ebr fillimin e procedimit penal ndaj meje ka sh\u00ebrbyer dokumenti \u201cT\u00eb dh\u00ebna p\u00ebr SPAK\u201d, i hartuar dhe i n\u00ebnshkruar nga nj\u00eb person i vet\u00ebidentifikuar si \u201cNesti Angoni\u201d. Nga verifikimet e kryera nga vet\u00eb Prokuroria e Posa\u00e7me Kund\u00ebr Korrupsionit dhe Krimit t\u00eb Organizuar rezulton se ky person nuk ekziston n\u00eb regjistrin komb\u00ebtar t\u00eb gjendjes civile dhe p\u00ebr rrjedhoj\u00eb kemi t\u00eb b\u00ebjm\u00eb me nj\u00eb identitet t\u00eb rrem\u00eb. N\u00eb k\u00ebt\u00eb kontekst, \u00ebsht\u00eb thelb\u00ebsore t\u00eb theksohet se n\u00eb rastin konkret nuk kemi t\u00eb b\u00ebjm\u00eb me nj\u00eb kall\u00ebzim anonim n\u00eb kuptimin klasik t\u00eb ligjit, por me nj\u00eb dokument t\u00eb paraqitur n\u00eb form\u00ebn e nj\u00eb kall\u00ebzimi t\u00eb identifikuar, p\u00ebrmes p\u00ebrdorimit t\u00eb nj\u00eb identiteti t\u00eb rrem\u00eb konkret, t\u00eb shoq\u00ebruar me n\u00ebnshkrim fizik\u201d, thuhet n\u00eb kall\u00ebzim.<\/p>\n<p>Veliaj k\u00ebrkon identifikimin e autorit real q\u00eb ka hartuar dhe firmosur k\u00ebt\u00eb dokument, si dhe hetimin e \u00e7do p\u00ebrgjegj\u00ebsie penale q\u00eb lidhet me p\u00ebrdorimin e nj\u00eb identiteti t\u00eb rrem\u00eb p\u00ebr t\u00eb inicuar \u00e7\u00ebshtjen ndaj tij.<\/p>\n<p>\u201cN\u00ebnshkrimi i vendosur n\u00eb dokument nuk i p\u00ebrket nj\u00eb personi real, por \u00ebsht\u00eb p\u00ebrdorur p\u00ebr t\u00eb materializuar nj\u00eb identitet t\u00eb rrem\u00eb, duke krijuar nj\u00eb paraqitje t\u00eb pav\u00ebrtet\u00eb p\u00ebrpara organit publik. N\u00ebse autori do t\u00eb kishte dashur t\u00eb mbetej anonim, ai do t\u00eb paraqitej si i till\u00eb. Zgjedhja p\u00ebr t\u00eb p\u00ebrdorur nj\u00eb em\u00ebr konkret dhe p\u00ebr ta shoq\u00ebruar at\u00eb me n\u00ebnshkrim fizik nuk \u00ebsht\u00eb rast\u00ebsore, por synon t\u00eb krijoj\u00eb nj\u00eb perceptim t\u00eb rrem\u00eb identiteti dhe besueshm\u00ebrie, duke ndikuar drejtp\u00ebrdrejt n\u00eb vler\u00ebsimin e organit procedues p\u00ebr seriozitetin e informacionit t\u00eb paraqitur\u201d, thuhet n\u00eb kall\u00ebzim.<\/p>\n<p>Kall\u00ebzimi evidenton gjithashtu ekzistenc\u00ebn e nj\u00eb materiali t\u00eb dyt\u00eb t\u00eb ngjash\u00ebm, t\u00eb lidhur me nj\u00eb tjet\u00ebr identitet t\u00eb pa verifikuesh\u00ebm, \u201cNasta Pellumbi\u201d. Sipas argumentimit, kjo situat\u00eb ngre dyshime t\u00eb forta p\u00ebr nj\u00eb burim t\u00eb p\u00ebrbashk\u00ebt, nj\u00eb autor t\u00eb vet\u00ebm q\u00eb p\u00ebrdor identitete t\u00eb ndryshme ose nj\u00eb mekaniz\u00ebm t\u00eb strukturuar p\u00ebr krijimin e kall\u00ebzimeve artificiale<\/p>\n<p>Pjes\u00eb nga kall\u00ebzimi<\/p>\n<p>N\u00eb asnj\u00eb rast nuk mund t\u00eb konsiderohet e pranueshme q\u00eb nj\u00eb procedim penal t\u00eb vihet n\u00eb l\u00ebvizje mbi baz\u00ebn e veprimeve q\u00eb n\u00eb vetvete paraqesin element\u00eb t\u00eb nj\u00eb vepre penale. Pranimi i nj\u00eb logjike t\u00eb till\u00eb do t\u00eb \u00e7onte n\u00eb legjitimimin e p\u00ebrdorimit t\u00eb mjeteve t\u00eb kund\u00ebrligjshme p\u00ebr t\u00eb inicuar ndjekje penale, duke deformuar r\u00ebnd\u00eb funksionin e drejt\u00ebsis\u00eb dhe duke cenuar parimet themelore t\u00eb shtetit t\u00eb s\u00eb drejt\u00ebs.<\/p>\n<p>Nj\u00eb qasje e till\u00eb do t\u00eb krijonte rrezikun real q\u00eb mekanizmi penal t\u00eb p\u00ebrdoret n\u00eb m\u00ebnyr\u00eb selektive, mbi baza t\u00eb fabrikuara, thjesht p\u00ebr t\u00eb justifikuar nisjen e hetimeve ndaj individ\u00ebve t\u00eb caktuar. P\u00ebr rrjedhoj\u00eb, \u00ebsht\u00eb thelb\u00ebsore q\u00eb \u00e7do procedim penal t\u00eb mb\u00ebshtetet mbi burime t\u00eb ligjshme dhe t\u00eb verifikueshme, dhe jo mbi veprime q\u00eb, n\u00eb vetvete, cenojn\u00eb ligjin penal. Ndryshe, do t\u00eb legjitimohej nj\u00eb praktik\u00eb e papranueshme, ku vet\u00eb shkelja e ligjit penal do t\u00eb p\u00ebrdorej si mjet p\u00ebr v\u00ebnien n\u00eb l\u00ebvizje t\u00eb ndjekjes penale, duke p\u00ebrmbysur logjik\u00ebn themelore t\u00eb sistemit t\u00eb drejt\u00ebsis\u00eb.<\/p>\n<p>Nj\u00eb qasje e till\u00eb do t\u00eb krijonte rrezikun real q\u00eb subjektet e ngarkuara me zbatimin e ligjit, n\u00eb vend q\u00eb ta garantojn\u00eb at\u00eb, t\u00eb p\u00ebrfshihen n\u00eb shkeljen e tij n\u00eb m\u00ebnyr\u00eb selektive, me q\u00ebllim realizimin e objektivave t\u00eb paracaktuara, duke cenuar r\u00ebnd\u00eb parimet e shtetit t\u00eb s\u00eb drejt\u00ebs dhe t\u00eb siguris\u00eb juridike.<\/p>\n<p>P\u00ebr sa m\u00eb sip\u00ebr, k\u00ebrkoj:<\/p>\n<p>i. regjistrimin e procedimit penal p\u00ebr vepr\u00ebn penale t\u00eb \u201cFalsifikimit t\u00eb dokumenteve\u201d, parashikuar nga neni 186 i Kodit Penal si dhe cdo vep\u00ebr tjet\u00ebr relevante q\u00eb del gjat\u00eb hetimit.<\/p>\n<p>ii. ii. identifikimin e autorit real q\u00eb ka hartuar dhe n\u00ebnshkruar dokumentin \u201cT\u00eb dh\u00ebna p\u00ebr SPAK\u201d<\/p>\n","protected":false},"excerpt":{"rendered":"<p>Kryebashkiaku i Tiran\u00ebs, Erion Veliaj i \u00ebsht\u00eb drejtuar me nj\u00eb padi n\u00eb Prokurorin\u00eb e Tiran\u00ebs ku k\u00ebrkon nisjen e hetimeve p\u00ebr falsifikim t\u00eb dokumenteve. Veliaj k\u00ebrkon hetimin e dokumentit q\u00eb sh\u00ebrbeu si baz\u00eb p\u00ebr nisjen e procedimit penal ndaj tij. Sipas kall\u00ebzimit, t\u00eb depozituar pran\u00eb Prokuroris\u00eb s\u00eb Tiran\u00ebs, hetimi ndaj tij \u00ebsht\u00eb nisur mbi baz\u00ebn &#8230; <a title=\"\" class=\"read-more\" href=\"https:\/\/factznews.xyz\/?p=8936\" aria-label=\"Read more about \">Read more<\/a><\/p>\n","protected":false},"author":1,"featured_media":0,"comment_status":"open","ping_status":"open","sticky":false,"template":"","format":"standard","meta":{"footnotes":""},"categories":[5],"tags":[],"class_list":["post-8936","post","type-post","status-publish","format-standard","hentry","category-interesting"],"_links":{"self":[{"href":"https:\/\/factznews.xyz\/index.php?rest_route=\/wp\/v2\/posts\/8936","targetHints":{"allow":["GET"]}}],"collection":[{"href":"https:\/\/factznews.xyz\/index.php?rest_route=\/wp\/v2\/posts"}],"about":[{"href":"https:\/\/factznews.xyz\/index.php?rest_route=\/wp\/v2\/types\/post"}],"author":[{"embeddable":true,"href":"https:\/\/factznews.xyz\/index.php?rest_route=\/wp\/v2\/users\/1"}],"replies":[{"embeddable":true,"href":"https:\/\/factznews.xyz\/index.php?rest_route=%2Fwp%2Fv2%2Fcomments&post=8936"}],"version-history":[{"count":1,"href":"https:\/\/factznews.xyz\/index.php?rest_route=\/wp\/v2\/posts\/8936\/revisions"}],"predecessor-version":[{"id":8937,"href":"https:\/\/factznews.xyz\/index.php?rest_route=\/wp\/v2\/posts\/8936\/revisions\/8937"}],"wp:attachment":[{"href":"https:\/\/factznews.xyz\/index.php?rest_route=%2Fwp%2Fv2%2Fmedia&parent=8936"}],"wp:term":[{"taxonomy":"category","embeddable":true,"href":"https:\/\/factznews.xyz\/index.php?rest_route=%2Fwp%2Fv2%2Fcategories&post=8936"},{"taxonomy":"post_tag","embeddable":true,"href":"https:\/\/factznews.xyz\/index.php?rest_route=%2Fwp%2Fv2%2Ftags&post=8936"}],"curies":[{"name":"wp","href":"https:\/\/api.w.org\/{rel}","templated":true}]}}