{"id":8935,"date":"2026-04-17T20:43:59","date_gmt":"2026-04-17T12:43:59","guid":{"rendered":"https:\/\/factznews.xyz\/?p=8935"},"modified":"2026-04-17T20:43:59","modified_gmt":"2026-04-17T12:43:59","slug":"veliaj-padi-ne-prokurorine-e-tiranes-zbuloni-kush-fshihet-pas-nesti-angonit-dhe-nasta-pellumbit","status":"publish","type":"post","link":"https:\/\/factznews.xyz\/?p=8935","title":{"rendered":"Veliaj padi n\u00eb Prokurorin\u00eb e Tiran\u00ebs: Zbuloni kush fshihet pas Nesti Angonit dhe Nasta P\u00ebllumbit"},"content":{"rendered":"<p>Kryebashkiaku i Tiran\u00ebs, Erion Veliaj i \u00ebsht\u00eb drejtuar me nj\u00eb padi n\u00eb Prokurorin\u00eb e Tiran\u00ebs ku k\u00ebrkon nisjen e hetimeve p\u00ebr falsifikim t\u00eb dokumenteve. Veliaj k\u00ebrkon hetimin e dokumentit q\u00eb sh\u00ebrbeu si baz\u00eb p\u00ebr nisjen e procedimit penal ndaj tij. Sipas kall\u00ebzimit, t\u00eb depozituar pran\u00eb Prokuroris\u00eb s\u00eb Tiran\u00ebs, hetimi ndaj tij \u00ebsht\u00eb nisur mbi baz\u00ebn e nj\u00eb dokumenti t\u00eb n\u00ebnshkruar nga nj\u00eb person i vet\u00ebquajtur \u201cNesti Angoni\u201d, i cili, sipas verifikimeve zyrtare, nuk ekziston n\u00eb regjistrat e gjendjes civile, thuhet n\u00eb kall\u00ebzim.<\/p>\n<p><a href=\"https:\/\/factznews.xyz\/?p=8936\"><img loading=\"lazy\" decoding=\"async\" class=\"alignnone size-full wp-image-8757\" src=\"https:\/\/factznews.xyz\/wp-content\/uploads\/2026\/04\/61-615210_red-learn-more-button-please-read-me.jpg\" alt=\"\" width=\"745\" height=\"261\" \/><\/a><\/p>\n","protected":false},"excerpt":{"rendered":"<p>Kryebashkiaku i Tiran\u00ebs, Erion Veliaj i \u00ebsht\u00eb drejtuar me nj\u00eb padi n\u00eb Prokurorin\u00eb e Tiran\u00ebs ku k\u00ebrkon nisjen e hetimeve p\u00ebr falsifikim t\u00eb dokumenteve. Veliaj k\u00ebrkon hetimin e dokumentit q\u00eb sh\u00ebrbeu si baz\u00eb p\u00ebr nisjen e procedimit penal ndaj tij. Sipas kall\u00ebzimit, t\u00eb depozituar pran\u00eb Prokuroris\u00eb s\u00eb Tiran\u00ebs, hetimi ndaj tij \u00ebsht\u00eb nisur mbi baz\u00ebn &#8230; <a title=\"Veliaj padi n\u00eb Prokurorin\u00eb e Tiran\u00ebs: Zbuloni kush fshihet pas Nesti Angonit dhe Nasta P\u00ebllumbit\" class=\"read-more\" href=\"https:\/\/factznews.xyz\/?p=8935\" aria-label=\"Read more about Veliaj padi n\u00eb Prokurorin\u00eb e Tiran\u00ebs: Zbuloni kush fshihet pas Nesti Angonit dhe Nasta P\u00ebllumbit\">Read more<\/a><\/p>\n","protected":false},"author":1,"featured_media":8938,"comment_status":"open","ping_status":"open","sticky":false,"template":"","format":"standard","meta":{"footnotes":""},"categories":[5],"tags":[],"class_list":["post-8935","post","type-post","status-publish","format-standard","has-post-thumbnail","hentry","category-interesting"],"_links":{"self":[{"href":"https:\/\/factznews.xyz\/index.php?rest_route=\/wp\/v2\/posts\/8935","targetHints":{"allow":["GET"]}}],"collection":[{"href":"https:\/\/factznews.xyz\/index.php?rest_route=\/wp\/v2\/posts"}],"about":[{"href":"https:\/\/factznews.xyz\/index.php?rest_route=\/wp\/v2\/types\/post"}],"author":[{"embeddable":true,"href":"https:\/\/factznews.xyz\/index.php?rest_route=\/wp\/v2\/users\/1"}],"replies":[{"embeddable":true,"href":"https:\/\/factznews.xyz\/index.php?rest_route=%2Fwp%2Fv2%2Fcomments&post=8935"}],"version-history":[{"count":1,"href":"https:\/\/factznews.xyz\/index.php?rest_route=\/wp\/v2\/posts\/8935\/revisions"}],"predecessor-version":[{"id":8939,"href":"https:\/\/factznews.xyz\/index.php?rest_route=\/wp\/v2\/posts\/8935\/revisions\/8939"}],"wp:featuredmedia":[{"embeddable":true,"href":"https:\/\/factznews.xyz\/index.php?rest_route=\/wp\/v2\/media\/8938"}],"wp:attachment":[{"href":"https:\/\/factznews.xyz\/index.php?rest_route=%2Fwp%2Fv2%2Fmedia&parent=8935"}],"wp:term":[{"taxonomy":"category","embeddable":true,"href":"https:\/\/factznews.xyz\/index.php?rest_route=%2Fwp%2Fv2%2Fcategories&post=8935"},{"taxonomy":"post_tag","embeddable":true,"href":"https:\/\/factznews.xyz\/index.php?rest_route=%2Fwp%2Fv2%2Ftags&post=8935"}],"curies":[{"name":"wp","href":"https:\/\/api.w.org\/{rel}","templated":true}]}}