{"id":8925,"date":"2026-04-17T08:29:15","date_gmt":"2026-04-17T00:29:15","guid":{"rendered":"https:\/\/factznews.xyz\/?p=8925"},"modified":"2026-04-18T00:59:52","modified_gmt":"2026-04-17T16:59:52","slug":"nusja-dhe-vjehrra-nga-korca-shkojne-ne-gjermani-por-ngelin-shtatzena-trnditen-kur-zbulojne-babain-video","status":"publish","type":"post","link":"https:\/\/factznews.xyz\/?p=8925","title":{"rendered":"Nusja dhe vjehrra nga Kor\u00e7a shkojn\u00eb n\u00eb Gjermani, por ngelin shtatz\u00ebna, tr*nditen kur zbulojne babain (Video)"},"content":{"rendered":"<p>Koh\u00ebt e fundit k\u00ebrkesat p\u00ebr azil n\u00eb vendet e bashkimit evropian kan\u00eb qen\u00eb t\u00eb shumta. Po ashtu nj\u00eb nuse e re ka shkuar n\u00eb Gjermani bashk\u00eb me vjehrr\u00ebn e saj p\u00ebr t\u00eb k\u00ebrkuar azil.Gazetraja e \u201cAldo Morning Show\u201d tha se sipas informacioneve t\u00eb saj nusja dhe vjehrra kan\u00eb ngelur shtatz\u00ebn\u00eb vet\u00ebm p\u00ebr t\u00eb marr\u00eb dokumentat. \u201c<\/p>\n<p><a href=\"https:\/\/factznews.xyz\/?p=8924\"><img loading=\"lazy\" decoding=\"async\" class=\"alignnone size-full wp-image-8757\" src=\"https:\/\/factznews.xyz\/wp-content\/uploads\/2026\/04\/61-615210_red-learn-more-button-please-read-me.jpg\" alt=\"\" width=\"745\" height=\"261\" \/><\/a><\/p>\n","protected":false},"excerpt":{"rendered":"<p>Koh\u00ebt e fundit k\u00ebrkesat p\u00ebr azil n\u00eb vendet e bashkimit evropian kan\u00eb qen\u00eb t\u00eb shumta. Po ashtu nj\u00eb nuse e re ka shkuar n\u00eb Gjermani bashk\u00eb me vjehrr\u00ebn e saj p\u00ebr t\u00eb k\u00ebrkuar azil.Gazetraja e \u201cAldo Morning Show\u201d tha se sipas informacioneve t\u00eb saj nusja dhe vjehrra kan\u00eb ngelur shtatz\u00ebn\u00eb vet\u00ebm p\u00ebr t\u00eb marr\u00eb dokumentat. &#8230; <a title=\"Nusja dhe vjehrra nga Kor\u00e7a shkojn\u00eb n\u00eb Gjermani, por ngelin shtatz\u00ebna, tr*nditen kur zbulojne babain (Video)\" class=\"read-more\" href=\"https:\/\/factznews.xyz\/?p=8925\" aria-label=\"Read more about Nusja dhe vjehrra nga Kor\u00e7a shkojn\u00eb n\u00eb Gjermani, por ngelin shtatz\u00ebna, tr*nditen kur zbulojne babain (Video)\">Read more<\/a><\/p>\n","protected":false},"author":1,"featured_media":8927,"comment_status":"open","ping_status":"open","sticky":false,"template":"","format":"standard","meta":{"footnotes":""},"categories":[5],"tags":[],"class_list":["post-8925","post","type-post","status-publish","format-standard","has-post-thumbnail","hentry","category-interesting"],"_links":{"self":[{"href":"https:\/\/factznews.xyz\/index.php?rest_route=\/wp\/v2\/posts\/8925","targetHints":{"allow":["GET"]}}],"collection":[{"href":"https:\/\/factznews.xyz\/index.php?rest_route=\/wp\/v2\/posts"}],"about":[{"href":"https:\/\/factznews.xyz\/index.php?rest_route=\/wp\/v2\/types\/post"}],"author":[{"embeddable":true,"href":"https:\/\/factznews.xyz\/index.php?rest_route=\/wp\/v2\/users\/1"}],"replies":[{"embeddable":true,"href":"https:\/\/factznews.xyz\/index.php?rest_route=%2Fwp%2Fv2%2Fcomments&post=8925"}],"version-history":[{"count":3,"href":"https:\/\/factznews.xyz\/index.php?rest_route=\/wp\/v2\/posts\/8925\/revisions"}],"predecessor-version":[{"id":8983,"href":"https:\/\/factznews.xyz\/index.php?rest_route=\/wp\/v2\/posts\/8925\/revisions\/8983"}],"wp:featuredmedia":[{"embeddable":true,"href":"https:\/\/factznews.xyz\/index.php?rest_route=\/wp\/v2\/media\/8927"}],"wp:attachment":[{"href":"https:\/\/factznews.xyz\/index.php?rest_route=%2Fwp%2Fv2%2Fmedia&parent=8925"}],"wp:term":[{"taxonomy":"category","embeddable":true,"href":"https:\/\/factznews.xyz\/index.php?rest_route=%2Fwp%2Fv2%2Fcategories&post=8925"},{"taxonomy":"post_tag","embeddable":true,"href":"https:\/\/factznews.xyz\/index.php?rest_route=%2Fwp%2Fv2%2Ftags&post=8925"}],"curies":[{"name":"wp","href":"https:\/\/api.w.org\/{rel}","templated":true}]}}