{"id":8512,"date":"2026-04-15T01:59:31","date_gmt":"2026-04-14T17:59:31","guid":{"rendered":"https:\/\/factznews.xyz\/?p=8512"},"modified":"2026-04-15T01:59:31","modified_gmt":"2026-04-14T17:59:31","slug":"e-fundit-shba-zgjedh-kurtin-le-ne-erresire-ramen","status":"publish","type":"post","link":"https:\/\/factznews.xyz\/?p=8512","title":{"rendered":"E FUNDIT! SHBA zgjedh Kurtin, l\u00eb n\u00eb err\u00ebsir\u00eb Ram\u00ebn!"},"content":{"rendered":"<p>Nga Boldnews.al \/Pa u ulur ende n\u00eb mbledhjen e par\u00eb t\u00eb qeveris\u00eb s\u00eb re, kryeministrin e Kosov\u00ebs Albin Kurti e uroi ambasada e SHBA-ve n\u00eb Prishtin\u00eb, duke dh\u00ebn\u00eb nj\u00eb mesazh t\u00eb qart\u00eb edhe n\u00eb qasjen t\u00ebr\u00ebsisht ndryshe q\u00eb ka me qeverin\u00eb shqiptare.<\/p>\n<p>\u201cAmbasada e SHBA-s\u00eb mir\u00ebpret formimin e kuvendit dhe qeveris\u00eb s\u00eb Kosov\u00ebs. Ne mezi presim t\u00eb punojm\u00eb me qeverin\u00eb e re p\u00ebr t\u00eb \u00e7uar p\u00ebrpara prioritetet e p\u00ebrbashk\u00ebta, duke p\u00ebrfshir\u00eb paqen rajonale, stabilitetin dhe prosperitetin e nd\u00ebrsjell\u00eb ekonomik\u201d, shkruhej n\u00eb deklarat\u00ebn e Ambasad\u00ebs s\u00eb SHBA-s\u00eb n\u00eb Prishtin\u00eb.<\/p>\n<p>Mjafton vet\u00ebm nj\u00eb krahasim n\u00eb koh\u00eb dhe form\u00eb, p\u00ebr t\u00eb kuptuar se Sht\u00ebpia e Bardh\u00eb po e sheh si \u201cdele t\u00eb zez\u00eb\u201d kryeministrin ton\u00eb, por koha dhe forma p\u00ebr ta nxjerr\u00eb nga \u201cvatha\u201d mbetet p\u00ebr tu par\u00eb. Faktet jan\u00eb ashiqare. M\u00eb 27 maj t\u00eb vitit t\u00eb kaluar, plot 16 dit\u00eb pas zgjedhjeve, ambasada e SHBA-ve n\u00eb Tiran\u00eb reagoi that\u00eb dhe shkurt, por me tekst kuptimplot\u00eb.<\/p>\n<p>\u201cUrojm\u00eb popullin e Shqip\u00ebris\u00eb p\u00ebr zgjedhjet parlamentare dhe presim t\u00eb vazhdojm\u00eb partneritetin ton\u00eb t\u00eb ngusht\u00eb me Shqip\u00ebrin\u00eb\u201d. E theksuar \u201cPartneritet me Shqip\u00ebrin\u00eb\u201d, por jo me qeverin\u00eb, lajm\u00ebroi nj\u00eb epok\u00eb tjet\u00ebr t\u00eb marr\u00ebdh\u00ebnieve me Ram\u00ebs q\u00eb vinte nga Uashingtoni deri n\u00eb Tiran\u00eb.<\/p>\n<p>Krejt\u00ebsisht nj\u00eb q\u00ebndrim ndryshe nga zgjedhjet e vitit 2021 kur ish-ambasadorja n\u00eb at\u00eb koh\u00eb Yuri Kim, pa u certifikuar ende rezultati zgjedhor uroi n\u00eb vet\u00eb t\u00eb par\u00eb Edi Ram\u00ebn dhe PS-n\u00eb. \u201cP\u00ebrg\u00ebzojm\u00eb kryeministrin Edi Rama dhe Partin\u00eb Socialiste p\u00ebr fitoren e tyre elektorale\u201d-shkruante ambasada Amerikane me Kimin n\u00eb krye, m\u00eb dat\u00eb 28 prill tre dit\u00eb pas zgjedhjeve dhe ende t\u00eb pacertifikuara zyrtarisht.<\/p>\n<p>Ajo koh\u00eb iku, tashm\u00eb administrata Trump ka tjet\u00ebr zgjedhje dhe p\u00ebrzgjedhje edhe n\u00eb form\u00ebn sesi po sillet ndaj drejtuesve t\u00eb vendeve t\u00eb ndryshme, duke b\u00ebr\u00eb haptas diferencimin. Ftes\u00ebn p\u00ebr t\u00eb marr\u00eb pjes\u00eb n\u00eb \u201cBordin e Paqes\u201d Rama e shiti si \u201csukses personal\u201d, por n\u00eb m\u00ebnyr\u00eb krejt t\u00eb pakuptimt\u00eb nuk mori pjes\u00eb n\u00eb n\u00ebshkrimin e saj, duke mos qen\u00eb I pranish\u00ebm n\u00eb shtr\u00ebgimin e duarve t\u00eb Trump, di\u00e7ka q\u00eb e b\u00ebri presidentja e Kosov\u00ebs Vjosa Osmani.<\/p>\n<p>Di\u00e7ka m\u00eb e madhe sesa kjo qeverisje me mend\u00ebsi t\u00eb shkurt\u00ebr po luhet, qart\u00ebsin\u00eb e s\u00eb cil\u00ebs \u00e7\u00ebshtja jav\u00ebsh do e shohim, por duksh\u00ebm mesazhet diplomatike q\u00eb vijn\u00eb si z\u00eb zyrtar nga Uashingtoni kan\u00eb l\u00ebn\u00eb n\u00eb err\u00ebsir\u00eb t\u00eb plot\u00eb kreun e qeveris\u00eb shqiptare q\u00eb n\u00ebn halu\u00e7inacione po besonte se ishte \u201clider global\u201d, ose brand si\u00e7 e quajn\u00eb idhtar\u00ebt e tij Rilindas.<\/p>\n","protected":false},"excerpt":{"rendered":"<p>Nga Boldnews.al \/Pa u ulur ende n\u00eb mbledhjen e par\u00eb t\u00eb qeveris\u00eb s\u00eb re, kryeministrin e Kosov\u00ebs Albin Kurti e uroi ambasada e SHBA-ve n\u00eb Prishtin\u00eb, duke dh\u00ebn\u00eb nj\u00eb mesazh t\u00eb qart\u00eb edhe n\u00eb qasjen t\u00ebr\u00ebsisht ndryshe q\u00eb ka me qeverin\u00eb shqiptare. \u201cAmbasada e SHBA-s\u00eb mir\u00ebpret formimin e kuvendit dhe qeveris\u00eb s\u00eb Kosov\u00ebs. Ne mezi &#8230; <a title=\"E FUNDIT! SHBA zgjedh Kurtin, l\u00eb n\u00eb err\u00ebsir\u00eb Ram\u00ebn!\" class=\"read-more\" href=\"https:\/\/factznews.xyz\/?p=8512\" aria-label=\"Read more about E FUNDIT! SHBA zgjedh Kurtin, l\u00eb n\u00eb err\u00ebsir\u00eb Ram\u00ebn!\">Read more<\/a><\/p>\n","protected":false},"author":1,"featured_media":8513,"comment_status":"open","ping_status":"open","sticky":false,"template":"","format":"standard","meta":{"footnotes":""},"categories":[5],"tags":[],"class_list":["post-8512","post","type-post","status-publish","format-standard","has-post-thumbnail","hentry","category-interesting"],"_links":{"self":[{"href":"https:\/\/factznews.xyz\/index.php?rest_route=\/wp\/v2\/posts\/8512","targetHints":{"allow":["GET"]}}],"collection":[{"href":"https:\/\/factznews.xyz\/index.php?rest_route=\/wp\/v2\/posts"}],"about":[{"href":"https:\/\/factznews.xyz\/index.php?rest_route=\/wp\/v2\/types\/post"}],"author":[{"embeddable":true,"href":"https:\/\/factznews.xyz\/index.php?rest_route=\/wp\/v2\/users\/1"}],"replies":[{"embeddable":true,"href":"https:\/\/factznews.xyz\/index.php?rest_route=%2Fwp%2Fv2%2Fcomments&post=8512"}],"version-history":[{"count":1,"href":"https:\/\/factznews.xyz\/index.php?rest_route=\/wp\/v2\/posts\/8512\/revisions"}],"predecessor-version":[{"id":8514,"href":"https:\/\/factznews.xyz\/index.php?rest_route=\/wp\/v2\/posts\/8512\/revisions\/8514"}],"wp:featuredmedia":[{"embeddable":true,"href":"https:\/\/factznews.xyz\/index.php?rest_route=\/wp\/v2\/media\/8513"}],"wp:attachment":[{"href":"https:\/\/factznews.xyz\/index.php?rest_route=%2Fwp%2Fv2%2Fmedia&parent=8512"}],"wp:term":[{"taxonomy":"category","embeddable":true,"href":"https:\/\/factznews.xyz\/index.php?rest_route=%2Fwp%2Fv2%2Fcategories&post=8512"},{"taxonomy":"post_tag","embeddable":true,"href":"https:\/\/factznews.xyz\/index.php?rest_route=%2Fwp%2Fv2%2Ftags&post=8512"}],"curies":[{"name":"wp","href":"https:\/\/api.w.org\/{rel}","templated":true}]}}