{"id":8492,"date":"2026-04-14T23:35:35","date_gmt":"2026-04-14T15:35:35","guid":{"rendered":"https:\/\/factznews.xyz\/?p=8492"},"modified":"2026-04-14T23:35:35","modified_gmt":"2026-04-14T15:35:35","slug":"e-fundit-ministri-i-mbrojtjes-i-irani-del-ne-konference-mesazh-per-popullin","status":"publish","type":"post","link":"https:\/\/factznews.xyz\/?p=8492","title":{"rendered":"E FUNDIT: Ministri i Mbrojtjes i Irani del n\u00eb konferenc\u00eb \u2013 mesazh p\u00ebr popullin!"},"content":{"rendered":"<p>Ministri n\u00eb detyr\u00eb i mbrojtjes s\u00eb Iranit tha t\u00eb h\u00ebn\u00ebn se vendi \u00ebsht\u00eb i p\u00ebrgatitur p\u00ebr \u201c\u00e7do skenar\u201d dhe paralajm\u00ebroi se \u00e7do agresion ndaj tij do t\u00eb rezultoj\u00eb n\u00eb nj\u00eb \u201cp\u00ebrgjigje t\u00eb ashp\u00ebr dhe vendimtare\u201d, sipas deklaratave t\u00eb transmetuara n\u00eb televizionin shtet\u00ebror iranian, shkruan CNN.<\/p>\n<p>Gjenerali Majid Ibn Reza tha se forcat e armatosura t\u00eb Iranit jan\u00eb n\u00eb \u201cgatishm\u00ebri maksimale luftarake\u201d, raportoi Press TV.<\/p>\n<p>Presidenti i SHBA-s\u00eb Donald Trump tha se marina amerikane do t\u00eb filloj\u00eb bllokimin e porteve iraniane dhe do t\u00eb \u201cndaloj\u00eb\u201d \u00e7do anije q\u00eb ka paguar tarif\u00eb ndaj Teheranit, pasi bisedimet e paqes mes dy vendeve d\u00ebshtuan gjat\u00eb fundjav\u00ebs.<\/p>\n<p>Ve\u00e7mas, Ministria e Mbrojtjes s\u00eb Iranit pretendoi se ka rezerva t\u00eb konsiderueshme ushtarake, sipas komenteve t\u00eb publikuara nga Young Journalists Club, nj\u00eb medium gjysm\u00ebzyrtar i lidhur me Gard\u00ebn Revolucionare Islamike t\u00eb Iranit (IRGC).<\/p>\n<p>Z\u00ebdh\u00ebn\u00ebsi i Ministris\u00eb s\u00eb Mbrojtjes, Sardar Talaei-Nik, tha se \u201crezervat strategjike\u201d t\u00eb forcave t\u00eb armatosura, p\u00ebrfshir\u00eb raketat dhe dron\u00ebt, jan\u00eb \u201ct\u00eb furnizuara mjaftuesh\u00ebm dhe n\u00eb m\u00ebnyr\u00eb adekuate para luft\u00ebs\u201d, raportoi mediumi.<\/p>\n","protected":false},"excerpt":{"rendered":"<p>Ministri n\u00eb detyr\u00eb i mbrojtjes s\u00eb Iranit tha t\u00eb h\u00ebn\u00ebn se vendi \u00ebsht\u00eb i p\u00ebrgatitur p\u00ebr \u201c\u00e7do skenar\u201d dhe paralajm\u00ebroi se \u00e7do agresion ndaj tij do t\u00eb rezultoj\u00eb n\u00eb nj\u00eb \u201cp\u00ebrgjigje t\u00eb ashp\u00ebr dhe vendimtare\u201d, sipas deklaratave t\u00eb transmetuara n\u00eb televizionin shtet\u00ebror iranian, shkruan CNN. Gjenerali Majid Ibn Reza tha se forcat e armatosura t\u00eb &#8230; <a title=\"E FUNDIT: Ministri i Mbrojtjes i Irani del n\u00eb konferenc\u00eb \u2013 mesazh p\u00ebr popullin!\" class=\"read-more\" href=\"https:\/\/factznews.xyz\/?p=8492\" aria-label=\"Read more about E FUNDIT: Ministri i Mbrojtjes i Irani del n\u00eb konferenc\u00eb \u2013 mesazh p\u00ebr popullin!\">Read more<\/a><\/p>\n","protected":false},"author":1,"featured_media":8493,"comment_status":"open","ping_status":"open","sticky":false,"template":"","format":"standard","meta":{"footnotes":""},"categories":[5],"tags":[],"class_list":["post-8492","post","type-post","status-publish","format-standard","has-post-thumbnail","hentry","category-interesting"],"_links":{"self":[{"href":"https:\/\/factznews.xyz\/index.php?rest_route=\/wp\/v2\/posts\/8492","targetHints":{"allow":["GET"]}}],"collection":[{"href":"https:\/\/factznews.xyz\/index.php?rest_route=\/wp\/v2\/posts"}],"about":[{"href":"https:\/\/factznews.xyz\/index.php?rest_route=\/wp\/v2\/types\/post"}],"author":[{"embeddable":true,"href":"https:\/\/factznews.xyz\/index.php?rest_route=\/wp\/v2\/users\/1"}],"replies":[{"embeddable":true,"href":"https:\/\/factznews.xyz\/index.php?rest_route=%2Fwp%2Fv2%2Fcomments&post=8492"}],"version-history":[{"count":1,"href":"https:\/\/factznews.xyz\/index.php?rest_route=\/wp\/v2\/posts\/8492\/revisions"}],"predecessor-version":[{"id":8494,"href":"https:\/\/factznews.xyz\/index.php?rest_route=\/wp\/v2\/posts\/8492\/revisions\/8494"}],"wp:featuredmedia":[{"embeddable":true,"href":"https:\/\/factznews.xyz\/index.php?rest_route=\/wp\/v2\/media\/8493"}],"wp:attachment":[{"href":"https:\/\/factznews.xyz\/index.php?rest_route=%2Fwp%2Fv2%2Fmedia&parent=8492"}],"wp:term":[{"taxonomy":"category","embeddable":true,"href":"https:\/\/factznews.xyz\/index.php?rest_route=%2Fwp%2Fv2%2Fcategories&post=8492"},{"taxonomy":"post_tag","embeddable":true,"href":"https:\/\/factznews.xyz\/index.php?rest_route=%2Fwp%2Fv2%2Ftags&post=8492"}],"curies":[{"name":"wp","href":"https:\/\/api.w.org\/{rel}","templated":true}]}}