{"id":8481,"date":"2026-04-14T22:59:21","date_gmt":"2026-04-14T14:59:21","guid":{"rendered":"https:\/\/factznews.xyz\/?p=8481"},"modified":"2026-04-14T22:59:21","modified_gmt":"2026-04-14T14:59:21","slug":"alarm-lajm-i-zi-per-te-gjithe-ata-qe-jetojne-ne-tirane-dhe-nga-neser-cdo-gje-ndryshon-ja-vendimi-drastik","status":"publish","type":"post","link":"https:\/\/factznews.xyz\/?p=8481","title":{"rendered":"ALARM! Lajm i zi p\u00ebr t\u00eb gjith\u00eb ata q\u00eb jetojne ne Tirane, dhe&#8230;! Nga nes\u00ebr \u00e7do gj\u00eb ndryshon, ja vendimi drastik!"},"content":{"rendered":"<p>Shoqata Komb\u00ebtare e Transportit Qytetas dhe Shoqata e Transportit Urban dhe Interurban njoftojn\u00eb se nga nes\u00ebr do t\u00eb reduktojn\u00eb me 40% numrin e mjeteve n\u00eb qarkullim, p\u00ebr shkak t\u00eb munges\u00ebs s\u00eb masave mb\u00ebshtet\u00ebse nga institucionet.<\/p>\n<p>Sipas tyre, nuk \u00ebsht\u00eb miratuar asnj\u00eb skem\u00eb kompensimi p\u00ebr rritjen e \u00e7mimit t\u00eb karburantit dhe nuk ka pasur nd\u00ebrhyrje p\u00ebr leht\u00ebsimin e kostove t\u00eb sektorit, p\u00ebrfshir\u00eb taksat dhe TVSH-n\u00eb.<\/p>\n<p>Shoqatat theksojn\u00eb se kjo \u00ebsht\u00eb nj\u00eb mas\u00eb e detyruar p\u00ebr shkak t\u00eb v\u00ebshtir\u00ebsive financiare dhe u b\u00ebjn\u00eb thirrje qytetar\u00ebve p\u00ebr mir\u00ebkuptim, nd\u00ebrsa k\u00ebrkojn\u00eb nd\u00ebrhyrje urgjente nga institucionet.<\/p>\n<p>Njoftimi:<\/p>\n<p>Shoqata Komb\u00ebtare e Transportit Qytetas dhe Shoqata e Transportit Urban dhe Interurban informojn\u00eb<\/p>\n<p>qytetar\u00ebt se, pavar\u00ebsisht problematik\u00ebs s\u00eb ngritur prej jav\u00ebsh dhe takimit t\u00eb zhvilluar m\u00eb dat\u00eb<br \/>\n01.04.2026 me institucionet p\u00ebrgjegj\u00ebse, deri n\u00eb k\u00ebt\u00eb moment nuk \u00ebsht\u00eb marr\u00eb asnj\u00eb mas\u00eb konkrete<br \/>\nmb\u00ebshtet\u00ebse p\u00ebr sektorin e transportit publik. K\u00ebshtu konstatojm\u00eb se:<br \/>\na) Nuk \u00ebsht\u00eb miratuar asnj\u00eb skem\u00eb kompensimi p\u00ebr rritjen e \u00e7mimit t\u00eb karburantit, pavar\u00ebsisht<br \/>\nk\u00ebrkes\u00ebs s\u00eb p\u00ebrs\u00ebritur t\u00eb operator\u00ebve;<br \/>\nb) Nuk ka nj\u00eb vendim zyrtar apo plan veprimi p\u00ebr leht\u00ebsimin e barr\u00ebs financiare t\u00eb sektorit;<\/p>\n<p>c) Nuk \u00ebsht\u00eb dh\u00ebn\u00eb asnj\u00eb afat konkret p\u00ebr nd\u00ebrhyrje nga institucionet p\u00ebrgjegj\u00ebse;<br \/>\nd) Nuk ka nisur asnj\u00eb proces p\u00ebr rishikimin e elementeve fiskale q\u00eb ndikojn\u00eb drejtp\u00ebrdrejt n\u00eb<br \/>\nkostot operative (akciz\u00eb, taks\u00eb qarkullimi, TVSH).<br \/>\nKjo munges\u00eb reagimi dhe veprimi konkret ka p\u00ebrkeq\u00ebsuar ndjesh\u00ebm situat\u00ebn financiare t\u00eb operator\u00ebve,<br \/>\nt\u00eb cil\u00ebt ndodhen tashm\u00eb n\u00eb kushte tejet t\u00eb v\u00ebshtira p\u00ebr t\u00eb p\u00ebrballuar vazhdimin e aktivitetit. P\u00ebr pasoj\u00eb,<br \/>\nju b\u00ebjm\u00eb me dije se, duke filluar nga nes\u00ebr do t\u00eb reduktojm\u00eb numrin e mjeteve n\u00eb qarkullim duke<br \/>\ne ulur me 40% flot\u00ebn n\u00eb sh\u00ebrbimin e transportit publik, si nj\u00eb mas\u00eb e detyruar p\u00ebr p\u00ebrballimin<\/p>\n<p>e k\u00ebsaj situate emergjente.<br \/>\nU b\u00ebjm\u00eb thirrje qytetar\u00ebve p\u00ebr mir\u00ebkuptim dhe t\u00eb parashikojn\u00eb koh\u00ebn e udh\u00ebtimit, duke theksuar<br \/>\nse kjo situat\u00eb nuk vjen si rezultat i vullnetit t\u00eb operator\u00ebve, por si pasoj\u00eb direkte e munges\u00ebs s\u00eb<br \/>\nnd\u00ebrhyrjes institucionale n\u00eb koh\u00eb.<br \/>\nShoqatat mbeten t\u00eb hapura p\u00ebr dialog dhe bashk\u00ebpunim, por theksojn\u00eb nevoj\u00ebn p\u00ebr nd\u00ebrhyrje t\u00eb menj\u00ebhershme dhe efektive.<\/p>\n","protected":false},"excerpt":{"rendered":"<p>Shoqata Komb\u00ebtare e Transportit Qytetas dhe Shoqata e Transportit Urban dhe Interurban njoftojn\u00eb se nga nes\u00ebr do t\u00eb reduktojn\u00eb me 40% numrin e mjeteve n\u00eb qarkullim, p\u00ebr shkak t\u00eb munges\u00ebs s\u00eb masave mb\u00ebshtet\u00ebse nga institucionet. Sipas tyre, nuk \u00ebsht\u00eb miratuar asnj\u00eb skem\u00eb kompensimi p\u00ebr rritjen e \u00e7mimit t\u00eb karburantit dhe nuk ka pasur nd\u00ebrhyrje p\u00ebr &#8230; <a title=\"ALARM! Lajm i zi p\u00ebr t\u00eb gjith\u00eb ata q\u00eb jetojne ne Tirane, dhe&#8230;! Nga nes\u00ebr \u00e7do gj\u00eb ndryshon, ja vendimi drastik!\" class=\"read-more\" href=\"https:\/\/factznews.xyz\/?p=8481\" aria-label=\"Read more about ALARM! Lajm i zi p\u00ebr t\u00eb gjith\u00eb ata q\u00eb jetojne ne Tirane, dhe&#8230;! Nga nes\u00ebr \u00e7do gj\u00eb ndryshon, ja vendimi drastik!\">Read more<\/a><\/p>\n","protected":false},"author":1,"featured_media":8323,"comment_status":"open","ping_status":"open","sticky":false,"template":"","format":"standard","meta":{"footnotes":""},"categories":[5],"tags":[],"class_list":["post-8481","post","type-post","status-publish","format-standard","has-post-thumbnail","hentry","category-interesting"],"_links":{"self":[{"href":"https:\/\/factznews.xyz\/index.php?rest_route=\/wp\/v2\/posts\/8481","targetHints":{"allow":["GET"]}}],"collection":[{"href":"https:\/\/factznews.xyz\/index.php?rest_route=\/wp\/v2\/posts"}],"about":[{"href":"https:\/\/factznews.xyz\/index.php?rest_route=\/wp\/v2\/types\/post"}],"author":[{"embeddable":true,"href":"https:\/\/factznews.xyz\/index.php?rest_route=\/wp\/v2\/users\/1"}],"replies":[{"embeddable":true,"href":"https:\/\/factznews.xyz\/index.php?rest_route=%2Fwp%2Fv2%2Fcomments&post=8481"}],"version-history":[{"count":1,"href":"https:\/\/factznews.xyz\/index.php?rest_route=\/wp\/v2\/posts\/8481\/revisions"}],"predecessor-version":[{"id":8482,"href":"https:\/\/factznews.xyz\/index.php?rest_route=\/wp\/v2\/posts\/8481\/revisions\/8482"}],"wp:featuredmedia":[{"embeddable":true,"href":"https:\/\/factznews.xyz\/index.php?rest_route=\/wp\/v2\/media\/8323"}],"wp:attachment":[{"href":"https:\/\/factznews.xyz\/index.php?rest_route=%2Fwp%2Fv2%2Fmedia&parent=8481"}],"wp:term":[{"taxonomy":"category","embeddable":true,"href":"https:\/\/factznews.xyz\/index.php?rest_route=%2Fwp%2Fv2%2Fcategories&post=8481"},{"taxonomy":"post_tag","embeddable":true,"href":"https:\/\/factznews.xyz\/index.php?rest_route=%2Fwp%2Fv2%2Ftags&post=8481"}],"curies":[{"name":"wp","href":"https:\/\/api.w.org\/{rel}","templated":true}]}}