{"id":8478,"date":"2026-04-14T22:56:33","date_gmt":"2026-04-14T14:56:33","guid":{"rendered":"https:\/\/factznews.xyz\/?p=8478"},"modified":"2026-04-14T22:56:33","modified_gmt":"2026-04-14T14:56:33","slug":"dy-termete-te-njepasnjeshme-godasin-kreten-ja-sa-ishte-magnituda","status":"publish","type":"post","link":"https:\/\/factznews.xyz\/?p=8478","title":{"rendered":"Dy t\u00ebrmete t\u00eb nj\u00ebpasnj\u00ebshme \u2018godasin\u2019 Kret\u00ebn, ja sa ishte magnituda"},"content":{"rendered":"<p>Nj\u00eb l\u00ebkundje e dyfisht\u00eb sizmike u regjistrua k\u00ebt\u00eb t\u00eb mart\u00eb n\u00eb nj\u00eb zon\u00eb detare pran\u00eb Kret\u00ebs, konkretisht n\u00eb Lassithi.<\/p>\n<p>Sipas Institutit Gjeodinamik t\u00eb Athin\u00ebs, n\u00eb or\u00ebn 08:59 ndodhi nj\u00eb t\u00ebrmet me magnitud\u00eb 3.9 t\u00eb shkall\u00ebs Rihter, me epiqend\u00ebr n\u00eb zon\u00ebn detare 19 kilometra n\u00eb jugper\u00ebndim t\u00eb Goudouras n\u00eb Lassithi.<\/p>\n<p>Thell\u00ebsia fokale ishte 12.9 kilometra. Nj\u00eb minut\u00eb m\u00eb von\u00eb, n\u00eb t\u00eb nj\u00ebjt\u00ebn zon\u00eb, pasoi nj\u00eb t\u00ebrmet i dyt\u00eb me magnitud\u00eb 3.5 ball\u00eb,<\/p>\n<p>19 kilometra n\u00eb jugper\u00ebndim t\u00eb Goudoura, Lassithi, me nj\u00eb thell\u00ebsi fokale prej 4.7 kilometrash.<\/p>\n<p><img loading=\"lazy\" decoding=\"async\" src=\"https:\/\/factznews.xyz\/wp-content\/uploads\/2026\/04\/640-0-termet-1733558012-3.png\" alt=\"\" width=\"640\" height=\"374\" class=\"alignnone size-full wp-image-8479\" srcset=\"https:\/\/factznews.xyz\/wp-content\/uploads\/2026\/04\/640-0-termet-1733558012-3.png 640w, https:\/\/factznews.xyz\/wp-content\/uploads\/2026\/04\/640-0-termet-1733558012-3-300x175.png 300w\" sizes=\"auto, (max-width: 640px) 100vw, 640px\" \/><\/p>\n","protected":false},"excerpt":{"rendered":"<p>Nj\u00eb l\u00ebkundje e dyfisht\u00eb sizmike u regjistrua k\u00ebt\u00eb t\u00eb mart\u00eb n\u00eb nj\u00eb zon\u00eb detare pran\u00eb Kret\u00ebs, konkretisht n\u00eb Lassithi. Sipas Institutit Gjeodinamik t\u00eb Athin\u00ebs, n\u00eb or\u00ebn 08:59 ndodhi nj\u00eb t\u00ebrmet me magnitud\u00eb 3.9 t\u00eb shkall\u00ebs Rihter, me epiqend\u00ebr n\u00eb zon\u00ebn detare 19 kilometra n\u00eb jugper\u00ebndim t\u00eb Goudouras n\u00eb Lassithi. Thell\u00ebsia fokale ishte 12.9 kilometra. Nj\u00eb &#8230; <a title=\"Dy t\u00ebrmete t\u00eb nj\u00ebpasnj\u00ebshme \u2018godasin\u2019 Kret\u00ebn, ja sa ishte magnituda\" class=\"read-more\" href=\"https:\/\/factznews.xyz\/?p=8478\" aria-label=\"Read more about Dy t\u00ebrmete t\u00eb nj\u00ebpasnj\u00ebshme \u2018godasin\u2019 Kret\u00ebn, ja sa ishte magnituda\">Read more<\/a><\/p>\n","protected":false},"author":1,"featured_media":8479,"comment_status":"open","ping_status":"open","sticky":false,"template":"","format":"standard","meta":{"footnotes":""},"categories":[5],"tags":[],"class_list":["post-8478","post","type-post","status-publish","format-standard","has-post-thumbnail","hentry","category-interesting"],"_links":{"self":[{"href":"https:\/\/factznews.xyz\/index.php?rest_route=\/wp\/v2\/posts\/8478","targetHints":{"allow":["GET"]}}],"collection":[{"href":"https:\/\/factznews.xyz\/index.php?rest_route=\/wp\/v2\/posts"}],"about":[{"href":"https:\/\/factznews.xyz\/index.php?rest_route=\/wp\/v2\/types\/post"}],"author":[{"embeddable":true,"href":"https:\/\/factznews.xyz\/index.php?rest_route=\/wp\/v2\/users\/1"}],"replies":[{"embeddable":true,"href":"https:\/\/factznews.xyz\/index.php?rest_route=%2Fwp%2Fv2%2Fcomments&post=8478"}],"version-history":[{"count":1,"href":"https:\/\/factznews.xyz\/index.php?rest_route=\/wp\/v2\/posts\/8478\/revisions"}],"predecessor-version":[{"id":8480,"href":"https:\/\/factznews.xyz\/index.php?rest_route=\/wp\/v2\/posts\/8478\/revisions\/8480"}],"wp:featuredmedia":[{"embeddable":true,"href":"https:\/\/factznews.xyz\/index.php?rest_route=\/wp\/v2\/media\/8479"}],"wp:attachment":[{"href":"https:\/\/factznews.xyz\/index.php?rest_route=%2Fwp%2Fv2%2Fmedia&parent=8478"}],"wp:term":[{"taxonomy":"category","embeddable":true,"href":"https:\/\/factznews.xyz\/index.php?rest_route=%2Fwp%2Fv2%2Fcategories&post=8478"},{"taxonomy":"post_tag","embeddable":true,"href":"https:\/\/factznews.xyz\/index.php?rest_route=%2Fwp%2Fv2%2Ftags&post=8478"}],"curies":[{"name":"wp","href":"https:\/\/api.w.org\/{rel}","templated":true}]}}