{"id":8430,"date":"2026-04-14T06:54:28","date_gmt":"2026-04-13T22:54:28","guid":{"rendered":"https:\/\/factznews.xyz\/?p=8430"},"modified":"2026-04-14T06:54:28","modified_gmt":"2026-04-13T22:54:28","slug":"kryeminisri-i-ri-hungarez-merr-vendimin-e-madh-largon-nga-hungaria-anti-shqiptarin-e-madh","status":"publish","type":"post","link":"https:\/\/factznews.xyz\/?p=8430","title":{"rendered":"Kryeminisri i ri hungarez merr vendimin e madh, largon nga Hungaria anti-shqiptarin e madh"},"content":{"rendered":"<p>Nd\u00ebrkoh\u00eb mandatari i ardhsh\u00ebm hungarez Peter Magyar paralajm\u00ebroi deportimin e ish kryeministrit t\u00eb Maqedonis\u00eb Nikolla Gruevski.<\/p>\n<p>N\u00eb nj\u00eb konferenc\u00eb shtypi, Magyar i pyetur nga gazetar\u00ebt p\u00ebr dy ish ministra polak\u00eb, t\u00eb k\u00ebrkuar p\u00ebr korrupsion nga qeveria e re e Polonis\u00eb, nd\u00ebrsa gjet\u00ebn strehim dhe mor\u00ebn azil n\u00eb Hungari, tha se ata, p\u00ebrfshi dhe Gruevskin nuk do t\u00eb q\u00ebndrojn\u00eb gjat\u00eb n\u00eb Hungari.<\/p>\n<p>\u201cHungaria nuk do t\u00eb b\u00ebhet deponi p\u00ebr kriminel\u00eb t\u00eb k\u00ebrkuar nd\u00ebrkomb\u00ebtar. Kjo vlen jo vet\u00ebm p\u00ebr ish ministrat polak\u00eb, por edhe p\u00ebr Nikolla Gruevskin. N\u00eb fund t\u00eb fundit ai \u00ebsht\u00eb ish kryeminist\u00ebr i Maqedonis\u00eb s\u00eb Veriut dhe kriminel I k\u00ebrkuar\u201d, tha Magyar.<\/p>\n<p>Ish kryeministri Gruevski \u00ebsht\u00eb n\u00eb arrati q\u00eb nga viti 2018, kur pas vendimit t\u00eb plotfuqish\u00ebm p\u00ebr rastin \u201cTank\u201d u d\u00ebnua me 2 vjet burg. Gruevski mori azil n\u00eb Hungari n\u00eb baz\u00eb t\u00eb pohimeve se \u00ebsht\u00eb politikisht i p\u00ebrndjekur nga kryeministri i at\u00ebhersh\u00ebm Zoran Zaev.<\/p>\n<p>N\u00eb vitin 2019, Hungaria zyrtarisht e refuzoi k\u00ebrkes\u00ebn e Maqedonis\u00eb s\u00eb Veriut p\u00ebr ekstradim<\/p>\n","protected":false},"excerpt":{"rendered":"<p>Nd\u00ebrkoh\u00eb mandatari i ardhsh\u00ebm hungarez Peter Magyar paralajm\u00ebroi deportimin e ish kryeministrit t\u00eb Maqedonis\u00eb Nikolla Gruevski. N\u00eb nj\u00eb konferenc\u00eb shtypi, Magyar i pyetur nga gazetar\u00ebt p\u00ebr dy ish ministra polak\u00eb, t\u00eb k\u00ebrkuar p\u00ebr korrupsion nga qeveria e re e Polonis\u00eb, nd\u00ebrsa gjet\u00ebn strehim dhe mor\u00ebn azil n\u00eb Hungari, tha se ata, p\u00ebrfshi dhe Gruevskin nuk &#8230; <a title=\"Kryeminisri i ri hungarez merr vendimin e madh, largon nga Hungaria anti-shqiptarin e madh\" class=\"read-more\" href=\"https:\/\/factznews.xyz\/?p=8430\" aria-label=\"Read more about Kryeminisri i ri hungarez merr vendimin e madh, largon nga Hungaria anti-shqiptarin e madh\">Read more<\/a><\/p>\n","protected":false},"author":1,"featured_media":8431,"comment_status":"open","ping_status":"open","sticky":false,"template":"","format":"standard","meta":{"footnotes":""},"categories":[5],"tags":[],"class_list":["post-8430","post","type-post","status-publish","format-standard","has-post-thumbnail","hentry","category-interesting"],"_links":{"self":[{"href":"https:\/\/factznews.xyz\/index.php?rest_route=\/wp\/v2\/posts\/8430","targetHints":{"allow":["GET"]}}],"collection":[{"href":"https:\/\/factznews.xyz\/index.php?rest_route=\/wp\/v2\/posts"}],"about":[{"href":"https:\/\/factznews.xyz\/index.php?rest_route=\/wp\/v2\/types\/post"}],"author":[{"embeddable":true,"href":"https:\/\/factznews.xyz\/index.php?rest_route=\/wp\/v2\/users\/1"}],"replies":[{"embeddable":true,"href":"https:\/\/factznews.xyz\/index.php?rest_route=%2Fwp%2Fv2%2Fcomments&post=8430"}],"version-history":[{"count":1,"href":"https:\/\/factznews.xyz\/index.php?rest_route=\/wp\/v2\/posts\/8430\/revisions"}],"predecessor-version":[{"id":8432,"href":"https:\/\/factznews.xyz\/index.php?rest_route=\/wp\/v2\/posts\/8430\/revisions\/8432"}],"wp:featuredmedia":[{"embeddable":true,"href":"https:\/\/factznews.xyz\/index.php?rest_route=\/wp\/v2\/media\/8431"}],"wp:attachment":[{"href":"https:\/\/factznews.xyz\/index.php?rest_route=%2Fwp%2Fv2%2Fmedia&parent=8430"}],"wp:term":[{"taxonomy":"category","embeddable":true,"href":"https:\/\/factznews.xyz\/index.php?rest_route=%2Fwp%2Fv2%2Fcategories&post=8430"},{"taxonomy":"post_tag","embeddable":true,"href":"https:\/\/factznews.xyz\/index.php?rest_route=%2Fwp%2Fv2%2Ftags&post=8430"}],"curies":[{"name":"wp","href":"https:\/\/api.w.org\/{rel}","templated":true}]}}