{"id":8355,"date":"2026-04-13T08:16:42","date_gmt":"2026-04-13T00:16:42","guid":{"rendered":"https:\/\/factznews.xyz\/?p=8355"},"modified":"2026-04-13T08:16:42","modified_gmt":"2026-04-13T00:16:42","slug":"nena-nuk-kthehet-kurre-ne-shtepi-23-vjet-me-vone-familja-e-saj-zbulon-arsyen","status":"publish","type":"post","link":"https:\/\/factznews.xyz\/?p=8355","title":{"rendered":"N\u00ebna nuk kthehet kurr\u00eb n\u00eb sht\u00ebpi \u2013 23 vjet m\u00eb von\u00eb, familja e saj zbulon arsyen&#8230;"},"content":{"rendered":"<p>N\u00ebna nuk kthehet kurr\u00eb n\u00eb sht\u00ebpi \u2013 23 vjet m\u00eb von\u00eb, familja e saj zbulon arsyen&#8230;<\/p>\n<p>Imagjino k\u00ebt\u00eb hyrje\u2026 Nj\u00eb burr\u00eb q\u00eb ka mbajtur nj\u00eb boshll\u00ebk n\u00eb zem\u00ebr p\u00ebr 23 vjet. <\/p>\n<p>Nj\u00eb burr\u00eb q\u00eb \u00e7do m\u00ebngjes zgjohej me heshtjen e dikujt q\u00eb s\u2019ishte m\u00eb aty. \u00c7do fest\u00eb, \u00e7do dark\u00eb, \u00e7do fotografi e vjet\u00ebr i kujtonte asaj q\u00eb mungonte.<\/p>\n<p> Por kjo histori nuk \u00ebsht\u00eb vet\u00ebm p\u00ebr dhimbjen \u2014 \u00ebsht\u00eb p\u00ebr shpres\u00ebn, p\u00ebr nj\u00eb dashuri q\u00eb nuk u shua as pas m\u00eb shum\u00eb se dy dekadash.<\/p>\n<p><iframe loading=\"lazy\" title=\"N\u00ebna nuk kthehet kurr\u00eb n\u00eb sht\u00ebpi \u2013 23 vjet m\u00eb von\u00eb, familja e saj zbulon arsyen...\" width=\"1200\" height=\"675\" src=\"https:\/\/www.youtube.com\/embed\/Mjk4Vb7yL-Q?feature=oembed\" frameborder=\"0\" allow=\"accelerometer; autoplay; clipboard-write; encrypted-media; gyroscope; picture-in-picture; web-share\" referrerpolicy=\"strict-origin-when-cross-origin\" allowfullscreen><\/iframe><\/p>\n","protected":false},"excerpt":{"rendered":"<p>N\u00ebna nuk kthehet kurr\u00eb n\u00eb sht\u00ebpi \u2013 23 vjet m\u00eb von\u00eb, familja e saj zbulon arsyen&#8230; Imagjino k\u00ebt\u00eb hyrje\u2026 Nj\u00eb burr\u00eb q\u00eb ka mbajtur nj\u00eb boshll\u00ebk n\u00eb zem\u00ebr p\u00ebr 23 vjet. Nj\u00eb burr\u00eb q\u00eb \u00e7do m\u00ebngjes zgjohej me heshtjen e dikujt q\u00eb s\u2019ishte m\u00eb aty. \u00c7do fest\u00eb, \u00e7do dark\u00eb, \u00e7do fotografi e vjet\u00ebr i kujtonte &#8230; <a title=\"N\u00ebna nuk kthehet kurr\u00eb n\u00eb sht\u00ebpi \u2013 23 vjet m\u00eb von\u00eb, familja e saj zbulon arsyen&#8230;\" class=\"read-more\" href=\"https:\/\/factznews.xyz\/?p=8355\" aria-label=\"Read more about N\u00ebna nuk kthehet kurr\u00eb n\u00eb sht\u00ebpi \u2013 23 vjet m\u00eb von\u00eb, familja e saj zbulon arsyen&#8230;\">Read more<\/a><\/p>\n","protected":false},"author":1,"featured_media":8356,"comment_status":"open","ping_status":"open","sticky":false,"template":"","format":"standard","meta":{"footnotes":""},"categories":[5],"tags":[],"class_list":["post-8355","post","type-post","status-publish","format-standard","has-post-thumbnail","hentry","category-interesting"],"_links":{"self":[{"href":"https:\/\/factznews.xyz\/index.php?rest_route=\/wp\/v2\/posts\/8355","targetHints":{"allow":["GET"]}}],"collection":[{"href":"https:\/\/factznews.xyz\/index.php?rest_route=\/wp\/v2\/posts"}],"about":[{"href":"https:\/\/factznews.xyz\/index.php?rest_route=\/wp\/v2\/types\/post"}],"author":[{"embeddable":true,"href":"https:\/\/factznews.xyz\/index.php?rest_route=\/wp\/v2\/users\/1"}],"replies":[{"embeddable":true,"href":"https:\/\/factznews.xyz\/index.php?rest_route=%2Fwp%2Fv2%2Fcomments&post=8355"}],"version-history":[{"count":1,"href":"https:\/\/factznews.xyz\/index.php?rest_route=\/wp\/v2\/posts\/8355\/revisions"}],"predecessor-version":[{"id":8357,"href":"https:\/\/factznews.xyz\/index.php?rest_route=\/wp\/v2\/posts\/8355\/revisions\/8357"}],"wp:featuredmedia":[{"embeddable":true,"href":"https:\/\/factznews.xyz\/index.php?rest_route=\/wp\/v2\/media\/8356"}],"wp:attachment":[{"href":"https:\/\/factznews.xyz\/index.php?rest_route=%2Fwp%2Fv2%2Fmedia&parent=8355"}],"wp:term":[{"taxonomy":"category","embeddable":true,"href":"https:\/\/factznews.xyz\/index.php?rest_route=%2Fwp%2Fv2%2Fcategories&post=8355"},{"taxonomy":"post_tag","embeddable":true,"href":"https:\/\/factznews.xyz\/index.php?rest_route=%2Fwp%2Fv2%2Ftags&post=8355"}],"curies":[{"name":"wp","href":"https:\/\/api.w.org\/{rel}","templated":true}]}}