{"id":8246,"date":"2026-04-13T05:37:02","date_gmt":"2026-04-12T21:37:02","guid":{"rendered":"https:\/\/factznews.xyz\/?p=8246"},"modified":"2026-04-13T05:37:02","modified_gmt":"2026-04-12T21:37:02","slug":"termet-ne-hungari-sondazhet-nxjerrin-humbes-viktor-orban-pas-16-vitesh-ne-pushtet-opozita-drejt-fitores-historike","status":"publish","type":"post","link":"https:\/\/factznews.xyz\/?p=8246","title":{"rendered":"\u201cT\u00cbRMET\u201d n\u00eb Hungari! Sondazhet nxjerrin humb\u00ebs Viktor Orban pas 16 vitesh n\u00eb pushtet, opozita drejt fitores historike"},"content":{"rendered":"<p>Qendrat e votimit n\u00eb t\u00eb gjith\u00eb Hungarin\u00eb jan\u00eb drejt mbylljes, duke sh\u00ebnuar fundin e nj\u00eb procesi zgjedhor q\u00eb pritet t\u00eb ket\u00eb pasoja t\u00eb r\u00ebnd\u00ebsishme p\u00ebr t\u00eb ardhmen politike t\u00eb vendit.<\/p>\n<p>Megjithat\u00eb, autoritetet zgjedhore kan\u00eb b\u00ebr\u00eb t\u00eb ditur se n\u00eb disa zona votimi do t\u00eb vijoj\u00eb edhe p\u00ebrtej orarit zyrtar, p\u00ebr t\u2019u dh\u00ebn\u00eb mund\u00ebsi t\u00eb gjith\u00eb qytetar\u00ebve q\u00eb jan\u00eb n\u00eb radh\u00eb t\u00eb hedhin vot\u00ebn e tyre.<\/p>\n<p>K\u00ebto zgjedhje jan\u00eb karakterizuar nga nj\u00eb interes i jasht\u00ebzakonsh\u00ebm i votuesve. Sipas t\u00eb dh\u00ebnave t\u00eb fundit, pjes\u00ebmarrja ka arritur n\u00eb 77.8%, duke sh\u00ebnuar nj\u00eb rekord historik dhe duke tejkaluar ndjesh\u00ebm nivelin e vitit 2002, kur pjes\u00ebmarrja ishte 73.51%.<\/p>\n<p>Radh\u00ebt e gjata n\u00eb qendrat e votimit jan\u00eb ndikuar jo vet\u00ebm nga pjes\u00ebmarrja e lart\u00eb, por edhe nga specifikat e ligjit zgjedhor hungarez. Ky i fundit u lejon qytetar\u00ebve t\u00eb votojn\u00eb n\u00eb qytete t\u00eb tjera nga ai i banimit, p\u00ebr kandidat\u00ebt e zon\u00ebs s\u00eb tyre t\u00eb origjin\u00ebs. Si rezultat, mij\u00ebra votues jan\u00eb drejtuar drejt qyteteve t\u00eb m\u00ebdha, ve\u00e7an\u00ebrisht n\u00eb Budapest, duke shtuar fluksin n\u00eb qendrat e votimit.<\/p>\n<p>Nd\u00ebrkoh\u00eb q\u00eb rezultatet zyrtare pritet t\u00eb vonojn\u00eb dhe n\u00eb k\u00ebto zgjedhje nuk mungojn\u00eb sondazhet e zakonshme. Dy sondazhe t\u00eb publikuara menj\u00ebher\u00eb pas mbylljes s\u00eb procesit hedhin drit\u00eb mbi nj\u00eb zhvillim t\u00eb mundsh\u00ebm dramatik.<\/p>\n<p>Sipas sondazhit t\u00eb realizuar nga Median, partia opozitare Tisza kryeson bindsh\u00ebm me 57.1% t\u00eb votave, \u00e7ka do t\u2019i siguronte rreth 135 mandate n\u00eb parlament, mjaftuesh\u00ebm p\u00ebr t\u00eb arritur nj\u00eb shumic\u00eb prej dy t\u00eb tretash. Nj\u00eb tjet\u00ebr sondazh nga Qendra K\u00ebrkimore 21 e vendos Tisza n\u00eb 55% dhe 132 mandate.<\/p>\n<p>Nga ana tjet\u00ebr, partia n\u00eb pushtet Fidesz, e drejtuar nga kryeministri Viktor Orban, parashikohet t\u00eb marr\u00eb rreth 37-38% t\u00eb votave sipas t\u00eb nj\u00ebjtave sondazhe.<\/p>\n<p>Megjithat\u00eb, ekspert\u00ebt theksojn\u00eb se k\u00ebto jan\u00eb vet\u00ebm sondazhe dhe jo rezultate zyrtare. Median ka kryer matjet gjat\u00eb dit\u00ebs s\u00eb sotme mes votuesve, nd\u00ebrsa Qendra K\u00ebrkimore 21 i ka zhvilluar ato n\u00eb periudh\u00ebn 8-11 prill.<\/p>\n<p>N\u00ebse k\u00ebto projeksione konfirmohen nga num\u00ebrimi zyrtar, Hungaria mund t\u00eb jet\u00eb n\u00eb prag t\u00eb nj\u00eb ndryshimi t\u00eb madh politik, me largimin e Viktor Orban nga pushteti pas 16 vitesh dhe ardhjen n\u00eb krye t\u00eb vendit t\u00eb liderit opozitar Peter Magyar.<\/p>\n","protected":false},"excerpt":{"rendered":"<p>Qendrat e votimit n\u00eb t\u00eb gjith\u00eb Hungarin\u00eb jan\u00eb drejt mbylljes, duke sh\u00ebnuar fundin e nj\u00eb procesi zgjedhor q\u00eb pritet t\u00eb ket\u00eb pasoja t\u00eb r\u00ebnd\u00ebsishme p\u00ebr t\u00eb ardhmen politike t\u00eb vendit. Megjithat\u00eb, autoritetet zgjedhore kan\u00eb b\u00ebr\u00eb t\u00eb ditur se n\u00eb disa zona votimi do t\u00eb vijoj\u00eb edhe p\u00ebrtej orarit zyrtar, p\u00ebr t\u2019u dh\u00ebn\u00eb mund\u00ebsi t\u00eb gjith\u00eb &#8230; <a title=\"\u201cT\u00cbRMET\u201d n\u00eb Hungari! Sondazhet nxjerrin humb\u00ebs Viktor Orban pas 16 vitesh n\u00eb pushtet, opozita drejt fitores historike\" class=\"read-more\" href=\"https:\/\/factznews.xyz\/?p=8246\" aria-label=\"Read more about \u201cT\u00cbRMET\u201d n\u00eb Hungari! Sondazhet nxjerrin humb\u00ebs Viktor Orban pas 16 vitesh n\u00eb pushtet, opozita drejt fitores historike\">Read more<\/a><\/p>\n","protected":false},"author":1,"featured_media":8207,"comment_status":"open","ping_status":"open","sticky":false,"template":"","format":"standard","meta":{"footnotes":""},"categories":[5],"tags":[],"class_list":["post-8246","post","type-post","status-publish","format-standard","has-post-thumbnail","hentry","category-interesting"],"_links":{"self":[{"href":"https:\/\/factznews.xyz\/index.php?rest_route=\/wp\/v2\/posts\/8246","targetHints":{"allow":["GET"]}}],"collection":[{"href":"https:\/\/factznews.xyz\/index.php?rest_route=\/wp\/v2\/posts"}],"about":[{"href":"https:\/\/factznews.xyz\/index.php?rest_route=\/wp\/v2\/types\/post"}],"author":[{"embeddable":true,"href":"https:\/\/factznews.xyz\/index.php?rest_route=\/wp\/v2\/users\/1"}],"replies":[{"embeddable":true,"href":"https:\/\/factznews.xyz\/index.php?rest_route=%2Fwp%2Fv2%2Fcomments&post=8246"}],"version-history":[{"count":1,"href":"https:\/\/factznews.xyz\/index.php?rest_route=\/wp\/v2\/posts\/8246\/revisions"}],"predecessor-version":[{"id":8276,"href":"https:\/\/factznews.xyz\/index.php?rest_route=\/wp\/v2\/posts\/8246\/revisions\/8276"}],"wp:featuredmedia":[{"embeddable":true,"href":"https:\/\/factznews.xyz\/index.php?rest_route=\/wp\/v2\/media\/8207"}],"wp:attachment":[{"href":"https:\/\/factznews.xyz\/index.php?rest_route=%2Fwp%2Fv2%2Fmedia&parent=8246"}],"wp:term":[{"taxonomy":"category","embeddable":true,"href":"https:\/\/factznews.xyz\/index.php?rest_route=%2Fwp%2Fv2%2Fcategories&post=8246"},{"taxonomy":"post_tag","embeddable":true,"href":"https:\/\/factznews.xyz\/index.php?rest_route=%2Fwp%2Fv2%2Ftags&post=8246"}],"curies":[{"name":"wp","href":"https:\/\/api.w.org\/{rel}","templated":true}]}}